{"id":973,"date":"2023-02-03T10:44:43","date_gmt":"2023-02-03T13:44:43","guid":{"rendered":"https:\/\/institutojoaodebarroal.org\/?p=973"},"modified":"2023-03-14T13:12:26","modified_gmt":"2023-03-14T16:12:26","slug":"joaninha-de-barro","status":"publish","type":"post","link":"https:\/\/institutojoaodebarroal.org\/index.php\/2023\/02\/03\/joaninha-de-barro\/","title":{"rendered":"Joaninha de Barro"},"content":{"rendered":"\n<p>Voc\u00ea j\u00e1 ouviu falar sobre a Joaninha de Barro? Possivelmente n\u00e3o. H\u00e1 pouco tempo n\u00f3s tamb\u00e9m n\u00e3o hav\u00edamos pensando sobre isso. Sab\u00edamos que o p\u00e1ssaro Jo\u00e3o de Barro era conhecido pela sua habilidade e disposi\u00e7\u00e3o com a constru\u00e7\u00e3o de ninhos de barro em forma de forno. Mas, ao pesquisarmos, descobrimos que ele, junto com sua companheira Joaninha de barro, constr\u00f3i suas casas sempre viradas para o a nascer do sol, protegendo assim sua fam\u00edlia da chuva.<\/p>\n\n\n\n<p>Ele n\u00e3o fazia o trabalho sozinho, mas, com sua companheira, fiel, habilidosa e s\u00e1bia como ele, construindo a prote\u00e7\u00e3o da fam\u00edlia e sempre pensando no futuro, mesmo nos dias mais bonitos e ensolarados, mas cientes de que haveriam dias de chuva e de ventania, que tamb\u00e9m possu\u00edam sua beleza, mas, que necessitavam de preparo pr\u00e9vio, por isso, sempre posicionavam suas casas de forma estrat\u00e9gica.<\/p>\n\n\n\n<figure class=\"wp-block-image size-full\"><img loading=\"lazy\" decoding=\"async\" width=\"1000\" height=\"735\" src=\"https:\/\/institutojoaodebarroal.org\/wp-content\/uploads\/2023\/02\/joao_barro1.webp\" alt=\"\" class=\"wp-image-976\" srcset=\"https:\/\/institutojoaodebarroal.org\/wp-content\/uploads\/2023\/02\/joao_barro1.webp 1000w, https:\/\/institutojoaodebarroal.org\/wp-content\/uploads\/2023\/02\/joao_barro1-300x221.webp 300w, https:\/\/institutojoaodebarroal.org\/wp-content\/uploads\/2023\/02\/joao_barro1-768x564.webp 768w, https:\/\/institutojoaodebarroal.org\/wp-content\/uploads\/2023\/02\/joao_barro1-600x441.webp 600w\" sizes=\"(max-width: 1000px) 100vw, 1000px\" \/><\/figure>\n\n\n\n<p>Inspiradas nisto, a equipe do Instituto Jo\u00e3o de Barro constr\u00f3i a proposta do grupo de mulheres Joaninha de Barro, trazendo como objetivo o fortalecimento de um espa\u00e7o coletivo que promove prote\u00e7\u00e3o, refer\u00eancia de orienta\u00e7\u00e3o e cuidado e desenvolvimento de novas habilidades que auxiliem as mulheres na constru\u00e7\u00e3o de estrat\u00e9gias, de resist\u00eancias e de v\u00ednculos familiares e comunit\u00e1rios para o enfrentamento das vulnerabilidades.<\/p>\n\n\n\n<p>O grupo surgiu em setembro de 2022, abrindo espa\u00e7o para conversa sobre a valoriza\u00e7\u00e3o da vida com as mulheres que j\u00e1 s\u00e3o usu\u00e1rias do Programa do Leite.&nbsp; Nos surpreendemos com a sintonia dessas mulheres durante o encontro e, m\u00eas ap\u00f3s m\u00eas, isso se confirmava. Suas hist\u00f3rias s\u00e3o diversas, mas h\u00e1 no grupo um espa\u00e7o seguro para falar sobre elas, para dividir as dores e as for\u00e7as vividas durante os anos.<\/p>\n\n\n\n<figure class=\"wp-block-image size-full\"><img loading=\"lazy\" decoding=\"async\" width=\"1024\" height=\"768\" src=\"https:\/\/institutojoaodebarroal.org\/wp-content\/uploads\/2023\/02\/IMG-20220928-WA0064.jpg\" alt=\"\" class=\"wp-image-977\" srcset=\"https:\/\/institutojoaodebarroal.org\/wp-content\/uploads\/2023\/02\/IMG-20220928-WA0064.jpg 1024w, https:\/\/institutojoaodebarroal.org\/wp-content\/uploads\/2023\/02\/IMG-20220928-WA0064-300x225.jpg 300w, https:\/\/institutojoaodebarroal.org\/wp-content\/uploads\/2023\/02\/IMG-20220928-WA0064-768x576.jpg 768w, https:\/\/institutojoaodebarroal.org\/wp-content\/uploads\/2023\/02\/IMG-20220928-WA0064-600x450.jpg 600w\" sizes=\"(max-width: 1024px) 100vw, 1024px\" \/><\/figure>\n\n\n\n<p>\u201c[&#8230;] esse grupo \u00e9 maravilhoso [&#8230;]\u201d. Sempre ouvimos relatos parecidos sobre a experi\u00eancia de grupo proporcionado no Joaninha de Barro e entendemos que \u00e9 um lugar importante para as mulheres que, sozinhas, possuem uma rela\u00e7\u00e3o de sobrecarga com as m\u00faltiplas jornadas de trabalho que vivenciam, principalmente relacionados com o cuidado com a fam\u00edlia e os afazeres dom\u00e9sticos, al\u00e9m de que a mulher tamb\u00e9m desempenha outros trabalhos em suas profiss\u00f5es, causando uma sobrecarga ao tentar atender a diferentes demandas dos diversos pap\u00e9is que exerciam: trabalhadora, m\u00e3e, esposa, dona de casa, filha.<\/p>\n\n\n\n<p>A literatura traz que na pandemia houve uma intensifica\u00e7\u00e3o dessa sobrecarga, visto que houve tamb\u00e9m uma potencializa\u00e7\u00e3o da responsabilidade de cuidado da mulher com a higieniza\u00e7\u00e3o da casa e a sa\u00fade da fam\u00edlia, o que a afetou emocionalmente, gerando adoecimentos como ansiedade e depress\u00e3o. H\u00e1 tamb\u00e9m relatos de que os ciclos de viol\u00eancia se intensificaram nas fam\u00edlias durante o isolamento social da pandemia, pois as mulheres que j\u00e1 eram v\u00edtimas de algum tipo de viol\u00eancia precisaram conviver mais tempo com seus companheiros, poss\u00edveis agressores, al\u00e9m disso, as mesmas sentiram mais dificuldades de acessar os servi\u00e7os de pol\u00edticas p\u00fablicas e a rede de prote\u00e7\u00e3o.<\/p>\n\n\n\n<blockquote class=\"wp-block-quote has-text-align-right is-layout-flow wp-block-quote-is-layout-flow\"><p>&#8220;Suas hist\u00f3rias s\u00e3o diversas, mas h\u00e1 no grupo um espa\u00e7o seguro para falar sobre elas, para dividir as dores e as for\u00e7as vividas durante os anos.&#8221;<\/p><\/blockquote>\n\n\n\n<p>Diante disso, o grupo de mulheres Joaninha de Barro se estabelece como espa\u00e7o de acolhimento das diversas demandas das mulheres do territ\u00f3rio, como tamb\u00e9m, a constru\u00e7\u00e3o de lugar de refer\u00eancia de cuidado e prote\u00e7\u00e3o das mulheres usu\u00e1rias dos servi\u00e7os do Instituto Jo\u00e3o de Barro, sendo atrav\u00e9s deste, a orienta\u00e7\u00e3o, socioeduca\u00e7\u00e3o e o fortalecimento dos v\u00ednculos comunit\u00e1rios, contribuindo com <strong>A\u00e7\u00f5es para um mundo melhor.<\/strong><\/p>\n","protected":false},"excerpt":{"rendered":"<p>Voc\u00ea j\u00e1 ouviu falar sobre a Joaninha de Barro? Possivelmente n\u00e3o. H\u00e1 pouco tempo n\u00f3s tamb\u00e9m n\u00e3o hav\u00edamos pensando sobre isso. Sab\u00edamos que o p\u00e1ssaro Jo\u00e3o de Barro era conhecido pela sua habilidade e disposi\u00e7\u00e3o com a constru\u00e7\u00e3o de ninhos de barro em forma de forno. Mas, ao pesquisarmos, descobrimos que ele, junto com sua &hellip;<\/p>\n<p class=\"read-more\"> <a class=\"\" href=\"https:\/\/institutojoaodebarroal.org\/index.php\/2023\/02\/03\/joaninha-de-barro\/\"> <span class=\"screen-reader-text\">Joaninha de Barro<\/span> Leia mais &raquo;<\/a><\/p>\n","protected":false},"author":2,"featured_media":975,"comment_status":"open","ping_status":"open","sticky":false,"template":"","format":"standard","meta":{"site-sidebar-layout":"default","site-content-layout":"default","ast-global-header-display":"","ast-main-header-display":"","ast-hfb-above-header-display":"","ast-hfb-below-header-display":"","ast-hfb-mobile-header-display":"","site-post-title":"","ast-breadcrumbs-content":"","ast-featured-img":"","footer-sml-layout":"","theme-transparent-header-meta":"","adv-header-id-meta":"","stick-header-meta":"","header-above-stick-meta":"","header-main-stick-meta":"","header-below-stick-meta":"","footnotes":""},"categories":[1,33],"tags":[],"jetpack_featured_media_url":"https:\/\/institutojoaodebarroal.org\/wp-content\/uploads\/2023\/02\/JOANINHA.jpg","_links":{"self":[{"href":"https:\/\/institutojoaodebarroal.org\/index.php\/wp-json\/wp\/v2\/posts\/973"}],"collection":[{"href":"https:\/\/institutojoaodebarroal.org\/index.php\/wp-json\/wp\/v2\/posts"}],"about":[{"href":"https:\/\/institutojoaodebarroal.org\/index.php\/wp-json\/wp\/v2\/types\/post"}],"author":[{"embeddable":true,"href":"https:\/\/institutojoaodebarroal.org\/index.php\/wp-json\/wp\/v2\/users\/2"}],"replies":[{"embeddable":true,"href":"https:\/\/institutojoaodebarroal.org\/index.php\/wp-json\/wp\/v2\/comments?post=973"}],"version-history":[{"count":4,"href":"https:\/\/institutojoaodebarroal.org\/index.php\/wp-json\/wp\/v2\/posts\/973\/revisions"}],"predecessor-version":[{"id":1024,"href":"https:\/\/institutojoaodebarroal.org\/index.php\/wp-json\/wp\/v2\/posts\/973\/revisions\/1024"}],"wp:featuredmedia":[{"embeddable":true,"href":"https:\/\/institutojoaodebarroal.org\/index.php\/wp-json\/wp\/v2\/media\/975"}],"wp:attachment":[{"href":"https:\/\/institutojoaodebarroal.org\/index.php\/wp-json\/wp\/v2\/media?parent=973"}],"wp:term":[{"taxonomy":"category","embeddable":true,"href":"https:\/\/institutojoaodebarroal.org\/index.php\/wp-json\/wp\/v2\/categories?post=973"},{"taxonomy":"post_tag","embeddable":true,"href":"https:\/\/institutojoaodebarroal.org\/index.php\/wp-json\/wp\/v2\/tags?post=973"}],"curies":[{"name":"wp","href":"https:\/\/api.w.org\/{rel}","templated":true}]}}