{"id":2167,"date":"2026-03-18T10:27:51","date_gmt":"2026-03-18T13:27:51","guid":{"rendered":"https:\/\/institutojoaodebarroal.org\/?p=2167"},"modified":"2026-03-18T11:35:23","modified_gmt":"2026-03-18T14:35:23","slug":"encontro-inaugural-2026-marca-o-inicio-de-mais-um-ano-de-transformacao-no-instituto-joao-de-barro","status":"publish","type":"post","link":"https:\/\/institutojoaodebarroal.org\/index.php\/2026\/03\/18\/encontro-inaugural-2026-marca-o-inicio-de-mais-um-ano-de-transformacao-no-instituto-joao-de-barro\/","title":{"rendered":"Encontro Inaugural 2026 marca o in\u00edcio de mais um ano de transforma\u00e7\u00e3o no Instituto Jo\u00e3o de Barro"},"content":{"rendered":"\n<h2 class=\"wp-block-heading\"><\/h2>\n\n\n\n<figure class=\"wp-block-embed is-type-video is-provider-youtube wp-block-embed-youtube wp-embed-aspect-9-16 wp-has-aspect-ratio\"><div class=\"wp-block-embed__wrapper\">\n<div class=\"ast-oembed-container\" style=\"height: 100%;\"><iframe loading=\"lazy\" title=\"Encontro Inaugural 2026 | Instituto Jo\u00e3o de Barro\" width=\"422\" height=\"750\" src=\"https:\/\/www.youtube.com\/embed\/YBkNlVGVrfg?feature=oembed\" frameborder=\"0\" allow=\"accelerometer; autoplay; clipboard-write; encrypted-media; gyroscope; picture-in-picture; web-share\" referrerpolicy=\"strict-origin-when-cross-origin\" allowfullscreen><\/iframe><\/div>\n<\/div><\/figure>\n\n\n\n<p><br>O ano de 2026 come\u00e7ou com muita alegria, esperan\u00e7a e emo\u00e7\u00e3o no Instituto Jo\u00e3o de Barro. Para dar in\u00edcio \u00e0s atividades, foi realizado o Encontro Inaugural 2026, um momento especial pensado com carinho para acolher as crian\u00e7as e adolescentes atendidos pela institui\u00e7\u00e3o.<\/p>\n\n\n\n<p>O evento foi marcado por sorrisos, brincadeiras, distribui\u00e7\u00e3o de pr\u00eamios e diversas atividades que proporcionaram momentos inesquec\u00edveis para todos os presentes. Mais do que uma simples recep\u00e7\u00e3o, o encontro simbolizou o in\u00edcio de uma nova jornada repleta de aprendizados, sonhos e oportunidades.<\/p>\n\n\n\n<p>Cada detalhe foi preparado para refor\u00e7ar o compromisso do Instituto com o desenvolvimento integral das crian\u00e7as, oferecendo n\u00e3o apenas atividades educativas, mas tamb\u00e9m experi\u00eancias que fortalecem v\u00ednculos, autoestima e a esperan\u00e7a em um futuro melhor. Ver a alegria estampada no rosto de cada crian\u00e7a \u00e9 a maior motiva\u00e7\u00e3o para continuar esse trabalho que transforma vidas diariamente.<\/p>\n\n\n\n<p>Um dos destaques do evento foi a parceria com o Acqua Park S\u00e3o Roque, que contribuiu enviando colaboradoras para realizar maquiagens art\u00edsticas nas crian\u00e7as. A a\u00e7\u00e3o trouxe ainda mais encanto ao dia, tornando a experi\u00eancia l\u00fadica e m\u00e1gica.<\/p>\n\n\n\n<p>Outro importante apoio veio do Comemorando Decora\u00e7\u00f5es, respons\u00e1vel por toda a ornamenta\u00e7\u00e3o do ambiente. A decora\u00e7\u00e3o transformou o espa\u00e7o em um verdadeiro cen\u00e1rio de festa, proporcionando um ambiente acolhedor e cheio de vida para celebrar esse momento t\u00e3o especial.<\/p>\n\n\n\n<p>O Encontro Inaugural 2026 refor\u00e7a a miss\u00e3o do Instituto Jo\u00e3o de Barro de promover qualidade de vida e desenvolvimento social por meio de a\u00e7\u00f5es que impactam diretamente crian\u00e7as, adolescentes e suas fam\u00edlias. A iniciativa faz parte de um conjunto de projetos que buscam transformar realidades e construir um futuro com mais oportunidades.<\/p>\n\n\n\n<p>Este foi apenas o come\u00e7o de um ano que promete ser intenso, produtivo e cheio de conquistas. Em 2026, o Instituto segue firme em seu prop\u00f3sito: realizar a\u00e7\u00f5es que contribuam para um mundo melhor, fortalecendo sonhos e criando caminhos para um futuro mais justo e cheio de possibilidades.<\/p>\n","protected":false},"excerpt":{"rendered":"<p>O ano de 2026 come\u00e7ou com muita alegria, esperan\u00e7a e emo\u00e7\u00e3o no Instituto Jo\u00e3o de Barro. Para dar in\u00edcio \u00e0s atividades, foi realizado o Encontro Inaugural 2026, um momento especial pensado com carinho para acolher as crian\u00e7as e adolescentes atendidos pela institui\u00e7\u00e3o. O evento foi marcado por sorrisos, brincadeiras, distribui\u00e7\u00e3o de pr\u00eamios e diversas atividades &hellip;<\/p>\n<p class=\"read-more\"> <a class=\"\" href=\"https:\/\/institutojoaodebarroal.org\/index.php\/2026\/03\/18\/encontro-inaugural-2026-marca-o-inicio-de-mais-um-ano-de-transformacao-no-instituto-joao-de-barro\/\"> <span class=\"screen-reader-text\">Encontro Inaugural 2026 marca o in\u00edcio de mais um ano de transforma\u00e7\u00e3o no Instituto Jo\u00e3o de Barro<\/span> Leia mais &raquo;<\/a><\/p>\n","protected":false},"author":1,"featured_media":2170,"comment_status":"open","ping_status":"open","sticky":false,"template":"","format":"standard","meta":{"site-sidebar-layout":"default","site-content-layout":"default","ast-global-header-display":"","ast-main-header-display":"","ast-hfb-above-header-display":"","ast-hfb-below-header-display":"","ast-hfb-mobile-header-display":"","site-post-title":"","ast-breadcrumbs-content":"","ast-featured-img":"disabled","footer-sml-layout":"","theme-transparent-header-meta":"","adv-header-id-meta":"","stick-header-meta":"","header-above-stick-meta":"","header-main-stick-meta":"","header-below-stick-meta":"","footnotes":""},"categories":[1],"tags":[],"jetpack_featured_media_url":"https:\/\/institutojoaodebarroal.org\/wp-content\/uploads\/2026\/03\/IMG_2399-scaled.jpg","_links":{"self":[{"href":"https:\/\/institutojoaodebarroal.org\/index.php\/wp-json\/wp\/v2\/posts\/2167"}],"collection":[{"href":"https:\/\/institutojoaodebarroal.org\/index.php\/wp-json\/wp\/v2\/posts"}],"about":[{"href":"https:\/\/institutojoaodebarroal.org\/index.php\/wp-json\/wp\/v2\/types\/post"}],"author":[{"embeddable":true,"href":"https:\/\/institutojoaodebarroal.org\/index.php\/wp-json\/wp\/v2\/users\/1"}],"replies":[{"embeddable":true,"href":"https:\/\/institutojoaodebarroal.org\/index.php\/wp-json\/wp\/v2\/comments?post=2167"}],"version-history":[{"count":3,"href":"https:\/\/institutojoaodebarroal.org\/index.php\/wp-json\/wp\/v2\/posts\/2167\/revisions"}],"predecessor-version":[{"id":2171,"href":"https:\/\/institutojoaodebarroal.org\/index.php\/wp-json\/wp\/v2\/posts\/2167\/revisions\/2171"}],"wp:featuredmedia":[{"embeddable":true,"href":"https:\/\/institutojoaodebarroal.org\/index.php\/wp-json\/wp\/v2\/media\/2170"}],"wp:attachment":[{"href":"https:\/\/institutojoaodebarroal.org\/index.php\/wp-json\/wp\/v2\/media?parent=2167"}],"wp:term":[{"taxonomy":"category","embeddable":true,"href":"https:\/\/institutojoaodebarroal.org\/index.php\/wp-json\/wp\/v2\/categories?post=2167"},{"taxonomy":"post_tag","embeddable":true,"href":"https:\/\/institutojoaodebarroal.org\/index.php\/wp-json\/wp\/v2\/tags?post=2167"}],"curies":[{"name":"wp","href":"https:\/\/api.w.org\/{rel}","templated":true}]}}