{"id":2157,"date":"2026-03-16T16:20:04","date_gmt":"2026-03-16T19:20:04","guid":{"rendered":"https:\/\/institutojoaodebarroal.org\/?p=2157"},"modified":"2026-03-16T16:55:36","modified_gmt":"2026-03-16T19:55:36","slug":"instituto-joao-de-barro-investe-em-capacitacao-sobre-educacao-em-tempo-integral","status":"publish","type":"post","link":"https:\/\/institutojoaodebarroal.org\/index.php\/2026\/03\/16\/instituto-joao-de-barro-investe-em-capacitacao-sobre-educacao-em-tempo-integral\/","title":{"rendered":"Instituto Jo\u00e3o de Barro investe em capacita\u00e7\u00e3o sobre Educa\u00e7\u00e3o em Tempo Integral"},"content":{"rendered":"\n<h1 class=\"wp-block-heading\"><\/h1>\n\n\n\n<figure class=\"wp-block-embed is-type-video is-provider-youtube wp-block-embed-youtube wp-embed-aspect-16-9 wp-has-aspect-ratio\"><div class=\"wp-block-embed__wrapper\">\n<div class=\"ast-oembed-container\" style=\"height: 100%;\"><iframe loading=\"lazy\" title=\"Instituto Jo\u00e3o de Barro investe em capacita\u00e7\u00e3o sobre Educa\u00e7\u00e3o em Tempo Integral\" width=\"500\" height=\"281\" src=\"https:\/\/www.youtube.com\/embed\/76fFXpH0IHM?feature=oembed\" frameborder=\"0\" allow=\"accelerometer; autoplay; clipboard-write; encrypted-media; gyroscope; picture-in-picture; web-share\" referrerpolicy=\"strict-origin-when-cross-origin\" allowfullscreen><\/iframe><\/div>\n<\/div><\/figure>\n\n\n\n<p><\/p>\n\n\n\n<p>\u201cEduca\u00e7\u00e3o em tempo integral n\u00e3o \u00e9 s\u00f3 ampliar horas. \u00c9 ampliar horizontes.\u201d<\/p>\n\n\n\n<p>Com esse entendimento, o Instituto Jo\u00e3o de Barro realizou uma importante capacita\u00e7\u00e3o voltada \u00e0 educa\u00e7\u00e3o em tempo integral, refor\u00e7ando seu compromisso com o desenvolvimento humano, a inclus\u00e3o e o impacto social na vida das crian\u00e7as e adolescentes atendidos pela institui\u00e7\u00e3o.<\/p>\n\n\n\n<h2 class=\"wp-block-heading\">Um novo passo na miss\u00e3o de transformar vidas<\/h2>\n\n\n\n<p>Atualmente, o Instituto atende crian\u00e7as e adolescentes no contraturno escolar, oferecendo atividades que fortalecem o desenvolvimento educacional, social e emocional. No entanto, a institui\u00e7\u00e3o entende que \u00e9 poss\u00edvel avan\u00e7ar ainda mais.<\/p>\n\n\n\n<p>A capacita\u00e7\u00e3o marca um passo estrat\u00e9gico: preparar a equipe para ampliar a atua\u00e7\u00e3o futura, estruturando pr\u00e1ticas alinhadas ao conceito de educa\u00e7\u00e3o em tempo integral, uma abordagem que vai al\u00e9m do aumento da carga hor\u00e1ria e prop\u00f5e uma forma\u00e7\u00e3o completa do sujeito.<\/p>\n\n\n\n<h2 class=\"wp-block-heading\">Educa\u00e7\u00e3o em tempo integral: mais do que tempo, intencionalidade<\/h2>\n\n\n\n<p>Falar em educa\u00e7\u00e3o em tempo integral \u00e9 falar em:<\/p>\n\n\n\n<ul>\n<li>Desenvolvimento cognitivo e socioemocional<\/li>\n\n\n\n<li>Fortalecimento de valores e autonomia<\/li>\n\n\n\n<li>Constru\u00e7\u00e3o de prop\u00f3sito<\/li>\n\n\n\n<li>Inclus\u00e3o social<\/li>\n\n\n\n<li>Impacto real nas trajet\u00f3rias de vida<\/li>\n<\/ul>\n\n\n\n<p>A forma\u00e7\u00e3o refor\u00e7ou que cada momento vivido pelas crian\u00e7as precisa ter intencionalidade pedag\u00f3gica. N\u00e3o se trata apenas de permanecer mais tempo na institui\u00e7\u00e3o, mas de garantir que esse tempo seja significativo, estruturado e transformador.<\/p>\n\n\n\n<h2 class=\"wp-block-heading\">Compromisso com as comunidades assistidas<\/h2>\n\n\n\n<p>Desde 2015, o Instituto Jo\u00e3o de Barro atua na \u00e1rea da assist\u00eancia social, promovendo inclus\u00e3o, desenvolvimento local e qualidade de vida. Atualmente, atende aproximadamente 229 alunos distribu\u00eddos em diversos projetos que envolvem educa\u00e7\u00e3o, esporte, cultura, sa\u00fade e fortalecimento familiar .<\/p>\n\n\n\n<p>Investir na capacita\u00e7\u00e3o da equipe \u00e9 investir diretamente na qualidade do atendimento oferecido \u00e0s comunidades assistidas. \u00c9 fortalecer a base para um futuro em que a educa\u00e7\u00e3o possa ser ainda mais completa, estruturada e transformadora.<\/p>\n\n\n\n<h2 class=\"wp-block-heading\">Olhar para o futuro<\/h2>\n\n\n\n<p>A busca pela educa\u00e7\u00e3o em tempo integral representa vis\u00e3o estrat\u00e9gica e responsabilidade social. Significa planejar o crescimento com qualidade, respeitando as necessidades das crian\u00e7as, adolescentes e suas fam\u00edlias.<\/p>\n\n\n\n<p>O Instituto Jo\u00e3o de Barro segue comprometido em ampliar horizontes, com planejamento, capacita\u00e7\u00e3o e dedica\u00e7\u00e3o, para que cada passo dado seja s\u00f3lido e gere impacto real.<\/p>\n\n\n\n<p>Porque transformar vidas exige preparo.<br>E \u00e9 isso que estamos construindo.<\/p>\n","protected":false},"excerpt":{"rendered":"<p>\u201cEduca\u00e7\u00e3o em tempo integral n\u00e3o \u00e9 s\u00f3 ampliar horas. \u00c9 ampliar horizontes.\u201d Com esse entendimento, o Instituto Jo\u00e3o de Barro realizou uma importante capacita\u00e7\u00e3o voltada \u00e0 educa\u00e7\u00e3o em tempo integral, refor\u00e7ando seu compromisso com o desenvolvimento humano, a inclus\u00e3o e o impacto social na vida das crian\u00e7as e adolescentes atendidos pela institui\u00e7\u00e3o. Um novo passo &hellip;<\/p>\n<p class=\"read-more\"> <a class=\"\" href=\"https:\/\/institutojoaodebarroal.org\/index.php\/2026\/03\/16\/instituto-joao-de-barro-investe-em-capacitacao-sobre-educacao-em-tempo-integral\/\"> <span class=\"screen-reader-text\">Instituto Jo\u00e3o de Barro investe em capacita\u00e7\u00e3o sobre Educa\u00e7\u00e3o em Tempo Integral<\/span> Leia mais &raquo;<\/a><\/p>\n","protected":false},"author":1,"featured_media":2164,"comment_status":"open","ping_status":"open","sticky":false,"template":"","format":"standard","meta":{"site-sidebar-layout":"default","site-content-layout":"default","ast-global-header-display":"","ast-main-header-display":"","ast-hfb-above-header-display":"","ast-hfb-below-header-display":"","ast-hfb-mobile-header-display":"","site-post-title":"","ast-breadcrumbs-content":"","ast-featured-img":"disabled","footer-sml-layout":"","theme-transparent-header-meta":"","adv-header-id-meta":"","stick-header-meta":"","header-above-stick-meta":"","header-main-stick-meta":"","header-below-stick-meta":"","footnotes":""},"categories":[1],"tags":[],"jetpack_featured_media_url":"https:\/\/institutojoaodebarroal.org\/wp-content\/uploads\/2026\/03\/IMG_0778-scaled.jpg","_links":{"self":[{"href":"https:\/\/institutojoaodebarroal.org\/index.php\/wp-json\/wp\/v2\/posts\/2157"}],"collection":[{"href":"https:\/\/institutojoaodebarroal.org\/index.php\/wp-json\/wp\/v2\/posts"}],"about":[{"href":"https:\/\/institutojoaodebarroal.org\/index.php\/wp-json\/wp\/v2\/types\/post"}],"author":[{"embeddable":true,"href":"https:\/\/institutojoaodebarroal.org\/index.php\/wp-json\/wp\/v2\/users\/1"}],"replies":[{"embeddable":true,"href":"https:\/\/institutojoaodebarroal.org\/index.php\/wp-json\/wp\/v2\/comments?post=2157"}],"version-history":[{"count":4,"href":"https:\/\/institutojoaodebarroal.org\/index.php\/wp-json\/wp\/v2\/posts\/2157\/revisions"}],"predecessor-version":[{"id":2165,"href":"https:\/\/institutojoaodebarroal.org\/index.php\/wp-json\/wp\/v2\/posts\/2157\/revisions\/2165"}],"wp:featuredmedia":[{"embeddable":true,"href":"https:\/\/institutojoaodebarroal.org\/index.php\/wp-json\/wp\/v2\/media\/2164"}],"wp:attachment":[{"href":"https:\/\/institutojoaodebarroal.org\/index.php\/wp-json\/wp\/v2\/media?parent=2157"}],"wp:term":[{"taxonomy":"category","embeddable":true,"href":"https:\/\/institutojoaodebarroal.org\/index.php\/wp-json\/wp\/v2\/categories?post=2157"},{"taxonomy":"post_tag","embeddable":true,"href":"https:\/\/institutojoaodebarroal.org\/index.php\/wp-json\/wp\/v2\/tags?post=2157"}],"curies":[{"name":"wp","href":"https:\/\/api.w.org\/{rel}","templated":true}]}}