{"id":2052,"date":"2025-09-23T16:16:38","date_gmt":"2025-09-23T19:16:38","guid":{"rendered":"https:\/\/institutojoaodebarroal.org\/?p=2052"},"modified":"2025-09-23T16:16:38","modified_gmt":"2025-09-23T19:16:38","slug":"relembrando-um-dia-especial-o-aniversario-de-elio-cavalcante","status":"publish","type":"post","link":"https:\/\/institutojoaodebarroal.org\/index.php\/2025\/09\/23\/relembrando-um-dia-especial-o-aniversario-de-elio-cavalcante\/","title":{"rendered":"Relembrando um Dia Especial: o Anivers\u00e1rio de Elio Cavalcante"},"content":{"rendered":"\n<h1 class=\"wp-block-heading\"> <\/h1>\n\n\n\n<figure class=\"wp-block-video\"><video controls src=\"https:\/\/institutojoaodebarroal.org\/wp-content\/uploads\/2025\/09\/tbt-desse-dia-especial-em-que-comemoramos-o-ani.mp4\"><\/video><\/figure>\n\n\n\n<p><\/p>\n\n\n\n<p>Relembramos com carinho a comemora\u00e7\u00e3o do anivers\u00e1rio de\u00a0<strong>Elio Cavalcante<\/strong>, Diretor Administrativo do Instituto Jo\u00e3o de Barro. Embora a celebra\u00e7\u00e3o tenha acontecido h\u00e1 algumas semanas, a data merece ser registrada, pois marcou um momento de uni\u00e3o, afeto e reconhecimento dentro da nossa institui\u00e7\u00e3o.<\/p>\n\n\n\n<p>Carinhosamente apelidado de&nbsp;<strong>\u201cnosso malvado favorito\u201d<\/strong>&nbsp;pela equipe, Elio \u00e9 admirado pela forma equilibrada com que conduz seu trabalho: firmeza quando necess\u00e1rio, mas tamb\u00e9m bom humor e proximidade no dia a dia. Essa combina\u00e7\u00e3o o torna uma lideran\u00e7a respeitada e, ao mesmo tempo, querida por todos.<\/p>\n\n\n\n<p>Durante a comemora\u00e7\u00e3o, que contou com muitas risadas e demonstra\u00e7\u00f5es de carinho, refor\u00e7amos um dos maiores valores do Instituto: somos mais do que uma institui\u00e7\u00e3o, somos uma fam\u00edlia. Cada conquista, cada vit\u00f3ria e tamb\u00e9m cada celebra\u00e7\u00e3o fortalece os la\u00e7os que nos unem e nos impulsionam a seguir com nossa miss\u00e3o.<\/p>\n\n\n\n<p>O papel de Elio na gest\u00e3o administrativa tem sido essencial para a continuidade e expans\u00e3o dos nossos projetos, que beneficiam crian\u00e7as, adolescentes, jovens e fam\u00edlias em situa\u00e7\u00e3o de vulnerabilidade social. Sua dedica\u00e7\u00e3o contribui diretamente para o sucesso de iniciativas como o\u00a0<strong>Futebol para Todos<\/strong>, o\u00a0<strong>Cidadania no Tatame<\/strong>, o\u00a0<strong>Prato Cheio<\/strong>, o\u00a0<strong>Ballet Jo\u00e3o de Barro<\/strong>, entre tantos outros que fazem parte do nosso trabalho di\u00e1rio de transforma\u00e7\u00e3o social.<\/p>\n\n\n\n<p>Celebrar seu anivers\u00e1rio foi mais do que festejar uma data: foi uma oportunidade de agradecer pela sua trajet\u00f3ria junto ao Instituto e reconhecer a import\u00e2ncia do seu esfor\u00e7o para que possamos seguir impactando tantas vidas.<\/p>\n\n\n\n<p>Desejamos a Elio muita sa\u00fade, realiza\u00e7\u00f5es e conquistas nesta nova etapa. Que sua caminhada continue inspirando a todos n\u00f3s e fortalecendo os prop\u00f3sitos do Instituto Jo\u00e3o de Barro.<\/p>\n","protected":false},"excerpt":{"rendered":"<p>Relembramos com carinho a comemora\u00e7\u00e3o do anivers\u00e1rio de\u00a0Elio Cavalcante, Diretor Administrativo do Instituto Jo\u00e3o de Barro. Embora a celebra\u00e7\u00e3o tenha acontecido h\u00e1 algumas semanas, a data merece ser registrada, pois marcou um momento de uni\u00e3o, afeto e reconhecimento dentro da nossa institui\u00e7\u00e3o. Carinhosamente apelidado de&nbsp;\u201cnosso malvado favorito\u201d&nbsp;pela equipe, Elio \u00e9 admirado pela forma equilibrada com &hellip;<\/p>\n<p class=\"read-more\"> <a class=\"\" href=\"https:\/\/institutojoaodebarroal.org\/index.php\/2025\/09\/23\/relembrando-um-dia-especial-o-aniversario-de-elio-cavalcante\/\"> <span class=\"screen-reader-text\">Relembrando um Dia Especial: o Anivers\u00e1rio de Elio Cavalcante<\/span> Leia mais &raquo;<\/a><\/p>\n","protected":false},"author":1,"featured_media":2054,"comment_status":"open","ping_status":"open","sticky":false,"template":"","format":"standard","meta":{"site-sidebar-layout":"default","site-content-layout":"default","ast-global-header-display":"","ast-main-header-display":"","ast-hfb-above-header-display":"","ast-hfb-below-header-display":"","ast-hfb-mobile-header-display":"","site-post-title":"","ast-breadcrumbs-content":"","ast-featured-img":"disabled","footer-sml-layout":"","theme-transparent-header-meta":"","adv-header-id-meta":"","stick-header-meta":"","header-above-stick-meta":"","header-main-stick-meta":"","header-below-stick-meta":"","footnotes":""},"categories":[1],"tags":[],"jetpack_featured_media_url":"https:\/\/institutojoaodebarroal.org\/wp-content\/uploads\/2025\/09\/Captura-de-Tela-2025-09-23-as-16.12.31-e1758654877998.png","_links":{"self":[{"href":"https:\/\/institutojoaodebarroal.org\/index.php\/wp-json\/wp\/v2\/posts\/2052"}],"collection":[{"href":"https:\/\/institutojoaodebarroal.org\/index.php\/wp-json\/wp\/v2\/posts"}],"about":[{"href":"https:\/\/institutojoaodebarroal.org\/index.php\/wp-json\/wp\/v2\/types\/post"}],"author":[{"embeddable":true,"href":"https:\/\/institutojoaodebarroal.org\/index.php\/wp-json\/wp\/v2\/users\/1"}],"replies":[{"embeddable":true,"href":"https:\/\/institutojoaodebarroal.org\/index.php\/wp-json\/wp\/v2\/comments?post=2052"}],"version-history":[{"count":2,"href":"https:\/\/institutojoaodebarroal.org\/index.php\/wp-json\/wp\/v2\/posts\/2052\/revisions"}],"predecessor-version":[{"id":2056,"href":"https:\/\/institutojoaodebarroal.org\/index.php\/wp-json\/wp\/v2\/posts\/2052\/revisions\/2056"}],"wp:featuredmedia":[{"embeddable":true,"href":"https:\/\/institutojoaodebarroal.org\/index.php\/wp-json\/wp\/v2\/media\/2054"}],"wp:attachment":[{"href":"https:\/\/institutojoaodebarroal.org\/index.php\/wp-json\/wp\/v2\/media?parent=2052"}],"wp:term":[{"taxonomy":"category","embeddable":true,"href":"https:\/\/institutojoaodebarroal.org\/index.php\/wp-json\/wp\/v2\/categories?post=2052"},{"taxonomy":"post_tag","embeddable":true,"href":"https:\/\/institutojoaodebarroal.org\/index.php\/wp-json\/wp\/v2\/tags?post=2052"}],"curies":[{"name":"wp","href":"https:\/\/api.w.org\/{rel}","templated":true}]}}