{"id":2046,"date":"2025-09-19T16:11:02","date_gmt":"2025-09-19T19:11:02","guid":{"rendered":"https:\/\/institutojoaodebarroal.org\/?p=2046"},"modified":"2025-09-19T16:11:02","modified_gmt":"2025-09-19T19:11:02","slug":"saeb-em-foco-aulao-em-taquarana-prepara-estudantes-para-a-avaliacao-e-fortalece-a-educacao-municipal","status":"publish","type":"post","link":"https:\/\/institutojoaodebarroal.org\/index.php\/2025\/09\/19\/saeb-em-foco-aulao-em-taquarana-prepara-estudantes-para-a-avaliacao-e-fortalece-a-educacao-municipal\/","title":{"rendered":"SAEB em Foco: Aul\u00e3o em Taquarana prepara estudantes para a avalia\u00e7\u00e3o e fortalece a educa\u00e7\u00e3o municipal"},"content":{"rendered":"\n<h1 class=\"wp-block-heading\"><\/h1>\n\n\n\n<figure class=\"wp-block-video\"><video controls src=\"https:\/\/institutojoaodebarroal.org\/wp-content\/uploads\/2025\/09\/Em-Taquarana-os-estudantes-dos-9o-anos-participaram-do-SAEB-em-Foco-um-aulao-pensado-para-refo.mp4\"><\/video><\/figure>\n\n\n\n<p><\/p>\n\n\n\n<p>Em Taquarana, os estudantes dos 9\u00ba anos tiveram uma experi\u00eancia especial no\u00a0<strong>SAEB em Foco<\/strong>, um grande aul\u00e3o realizado no Planet\u00e1rio de Arapiraca. A iniciativa foi fruto da parceria entre a\u00a0<strong>Prefeitura Municipal de Taquarana<\/strong>, a\u00a0<strong>Secretaria de Educa\u00e7\u00e3o<\/strong>\u00a0e o\u00a0<strong>Instituto Jo\u00e3o de Barro<\/strong>, que v\u00eam unindo esfor\u00e7os para potencializar o aprendizado e preparar os alunos para a avalia\u00e7\u00e3o externa do Sistema de Avalia\u00e7\u00e3o da Educa\u00e7\u00e3o B\u00e1sica (SAEB).<\/p>\n\n\n\n<p>O encontro contou com professores renomados e uma metodologia din\u00e2mica, capaz de refor\u00e7ar conte\u00fados, revisar os pontos mais cobrados na prova e ao mesmo tempo motivar os alunos para esse importante momento de sua trajet\u00f3ria escolar. Al\u00e9m das aulas de portugu\u00eas e matem\u00e1tica, os estudantes destacaram o clima leve, descontra\u00eddo e animado, que tornou a experi\u00eancia ainda mais significativa.<\/p>\n\n\n\n<blockquote class=\"wp-block-quote is-layout-flow wp-block-quote-is-layout-flow\">\n<p>\u201cO jeito brincalh\u00e3o do professor fez a aula ser muito divertida, aprendi e me senti confiante. Foi uma experi\u00eancia que me motivou ainda mais para a prova do SAEB\u201d, contou um dos alunos participantes.<\/p>\n<\/blockquote>\n\n\n\n<p>Mais do que um simples aul\u00e3o, a a\u00e7\u00e3o se consolidou como um&nbsp;<strong>momento de incentivo e valoriza\u00e7\u00e3o dos estudantes<\/strong>, mostrando que eles n\u00e3o est\u00e3o sozinhos nesse processo: h\u00e1 toda uma rede de professores, gestores, a prefeitura e o Instituto Jo\u00e3o de Barro acreditando no potencial de cada um deles.<\/p>\n\n\n\n<p>Segundo a organiza\u00e7\u00e3o, a proposta \u00e9 n\u00e3o apenas revisar conte\u00fados, mas tamb\u00e9m&nbsp;<strong>fortalecer a autoestima e a confian\u00e7a dos alunos<\/strong>, preparando-os para alcan\u00e7ar resultados cada vez melhores no&nbsp;<strong>IDEB<\/strong>&nbsp;e no futuro acad\u00eamico.<\/p>\n\n\n\n<p>O prefeito&nbsp;<strong>Geraldo<\/strong>&nbsp;e o secret\u00e1rio de educa\u00e7\u00e3o&nbsp;<strong>Gilberto<\/strong>&nbsp;tamb\u00e9m refor\u00e7aram a import\u00e2ncia de investir na educa\u00e7\u00e3o do munic\u00edpio, destacando que iniciativas como essa representam um passo importante para o desenvolvimento das habilidades e compet\u00eancias necess\u00e1rias para os jovens de Taquarana.<\/p>\n\n\n\n<p>Para o&nbsp;<strong>Instituto Jo\u00e3o de Barro<\/strong>, essa \u00e9 mais uma a\u00e7\u00e3o que reafirma sua miss\u00e3o de&nbsp;<strong>proporcionar qualidade de vida por meio da educa\u00e7\u00e3o, da inclus\u00e3o e do desenvolvimento social<\/strong>.<\/p>\n","protected":false},"excerpt":{"rendered":"<p>Em Taquarana, os estudantes dos 9\u00ba anos tiveram uma experi\u00eancia especial no\u00a0SAEB em Foco, um grande aul\u00e3o realizado no Planet\u00e1rio de Arapiraca. A iniciativa foi fruto da parceria entre a\u00a0Prefeitura Municipal de Taquarana, a\u00a0Secretaria de Educa\u00e7\u00e3o\u00a0e o\u00a0Instituto Jo\u00e3o de Barro, que v\u00eam unindo esfor\u00e7os para potencializar o aprendizado e preparar os alunos para a avalia\u00e7\u00e3o &hellip;<\/p>\n<p class=\"read-more\"> <a class=\"\" href=\"https:\/\/institutojoaodebarroal.org\/index.php\/2025\/09\/19\/saeb-em-foco-aulao-em-taquarana-prepara-estudantes-para-a-avaliacao-e-fortalece-a-educacao-municipal\/\"> <span class=\"screen-reader-text\">SAEB em Foco: Aul\u00e3o em Taquarana prepara estudantes para a avalia\u00e7\u00e3o e fortalece a educa\u00e7\u00e3o municipal<\/span> Leia mais &raquo;<\/a><\/p>\n","protected":false},"author":1,"featured_media":2050,"comment_status":"open","ping_status":"open","sticky":false,"template":"","format":"standard","meta":{"site-sidebar-layout":"default","site-content-layout":"default","ast-global-header-display":"","ast-main-header-display":"","ast-hfb-above-header-display":"","ast-hfb-below-header-display":"","ast-hfb-mobile-header-display":"","site-post-title":"","ast-breadcrumbs-content":"","ast-featured-img":"disabled","footer-sml-layout":"","theme-transparent-header-meta":"","adv-header-id-meta":"","stick-header-meta":"","header-above-stick-meta":"","header-main-stick-meta":"","header-below-stick-meta":"","footnotes":""},"categories":[1],"tags":[],"jetpack_featured_media_url":"https:\/\/institutojoaodebarroal.org\/wp-content\/uploads\/2025\/09\/Captura-de-Tela-2025-09-19-as-16.09.36-e1758309043745.png","_links":{"self":[{"href":"https:\/\/institutojoaodebarroal.org\/index.php\/wp-json\/wp\/v2\/posts\/2046"}],"collection":[{"href":"https:\/\/institutojoaodebarroal.org\/index.php\/wp-json\/wp\/v2\/posts"}],"about":[{"href":"https:\/\/institutojoaodebarroal.org\/index.php\/wp-json\/wp\/v2\/types\/post"}],"author":[{"embeddable":true,"href":"https:\/\/institutojoaodebarroal.org\/index.php\/wp-json\/wp\/v2\/users\/1"}],"replies":[{"embeddable":true,"href":"https:\/\/institutojoaodebarroal.org\/index.php\/wp-json\/wp\/v2\/comments?post=2046"}],"version-history":[{"count":3,"href":"https:\/\/institutojoaodebarroal.org\/index.php\/wp-json\/wp\/v2\/posts\/2046\/revisions"}],"predecessor-version":[{"id":2051,"href":"https:\/\/institutojoaodebarroal.org\/index.php\/wp-json\/wp\/v2\/posts\/2046\/revisions\/2051"}],"wp:featuredmedia":[{"embeddable":true,"href":"https:\/\/institutojoaodebarroal.org\/index.php\/wp-json\/wp\/v2\/media\/2050"}],"wp:attachment":[{"href":"https:\/\/institutojoaodebarroal.org\/index.php\/wp-json\/wp\/v2\/media?parent=2046"}],"wp:term":[{"taxonomy":"category","embeddable":true,"href":"https:\/\/institutojoaodebarroal.org\/index.php\/wp-json\/wp\/v2\/categories?post=2046"},{"taxonomy":"post_tag","embeddable":true,"href":"https:\/\/institutojoaodebarroal.org\/index.php\/wp-json\/wp\/v2\/tags?post=2046"}],"curies":[{"name":"wp","href":"https:\/\/api.w.org\/{rel}","templated":true}]}}