{"id":2035,"date":"2025-09-19T12:05:58","date_gmt":"2025-09-19T15:05:58","guid":{"rendered":"https:\/\/institutojoaodebarroal.org\/?p=2035"},"modified":"2025-09-19T12:05:58","modified_gmt":"2025-09-19T15:05:58","slug":"solidariedade-que-transforma-instituto-joao-de-barro-recebe-doacao-da-central-de-adubos","status":"publish","type":"post","link":"https:\/\/institutojoaodebarroal.org\/index.php\/2025\/09\/19\/solidariedade-que-transforma-instituto-joao-de-barro-recebe-doacao-da-central-de-adubos\/","title":{"rendered":"Solidariedade que Transforma: Instituto Jo\u00e3o de Barro recebe doa\u00e7\u00e3o da Central de Adubos"},"content":{"rendered":"\n<h1 class=\"wp-block-heading\"><\/h1>\n\n\n\n<figure class=\"wp-block-image aligncenter size-large\"><img decoding=\"async\" src=\"https:\/\/institutojoaodebarroal.org\/wp-content\/uploads\/2025\/09\/540541450_18303218809247126_4879616325794309579_n-838x1024.jpg\" alt=\"\" class=\"wp-image-2037\"\/><\/figure>\n\n\n\n<p><br>H\u00e1 gestos que aquecem o cora\u00e7\u00e3o e renovam a esperan\u00e7a em dias melhores. Foi exatamente isso que sentimos ao receber a doa\u00e7\u00e3o de\u00a0<strong>latas de leite da Central de Adubos<\/strong>. Mais do que alimento, essa entrega representa cuidado, empatia e a certeza de que quando empresas e institui\u00e7\u00f5es caminham juntas, muitas vidas podem ser transformadas.<\/p>\n\n\n\n<p>Para o Instituto Jo\u00e3o de Barro, cada contribui\u00e7\u00e3o tem um significado profundo. Ela fortalece nossa miss\u00e3o de&nbsp;<strong>cuidar de fam\u00edlias em situa\u00e7\u00e3o de vulnerabilidade e semear dignidade, amor e oportunidades<\/strong>. A iniciativa da Central de Adubos mostra que a responsabilidade social \u00e9 um caminho capaz de mudar realidades \u2014 e que juntos podemos fazer muito mais.<\/p>\n\n\n\n<h3 class=\"wp-block-heading\">Um gesto que faz a diferen\u00e7a<\/h3>\n\n\n\n<p>A fome e a inseguran\u00e7a alimentar ainda s\u00e3o desafios para muitas fam\u00edlias. Aqui no Instituto, buscamos minimizar essa realidade por meio do&nbsp;<strong>Projeto Prato Cheio<\/strong>, que garante mensalmente cestas b\u00e1sicas \u00e0s fam\u00edlias mais vulner\u00e1veis. Mas sabemos: sozinhos n\u00e3o conseguimos chegar t\u00e3o longe. Por isso, cada parceria como esta \u00e9 essencial para ampliar nosso alcance e levar esperan\u00e7a para ainda mais lares.<\/p>\n\n\n\n<h3 class=\"wp-block-heading\">Mais que um presente, um compromisso<\/h3>\n\n\n\n<p>Desde 2015, o Instituto Jo\u00e3o de Barro atua em Arapiraca e em diversas regi\u00f5es do Brasil, desenvolvendo projetos que abra\u00e7am diferentes \u00e1reas: leitura, esporte, cultura, sa\u00fade, forma\u00e7\u00e3o profissional e fortalecimento familiar. Tudo isso \u00e9 poss\u00edvel gra\u00e7as ao esfor\u00e7o da nossa equipe, ao carinho da comunidade e ao apoio de parceiros que acreditam no poder da transforma\u00e7\u00e3o social.<\/p>\n\n\n\n<h3 class=\"wp-block-heading\">Gratid\u00e3o que inspira<\/h3>\n\n\n\n<p>Receber essa doa\u00e7\u00e3o da Central de Adubos \u00e9 mais do que um momento especial: \u00e9 a prova de que&nbsp;<strong>quando o cora\u00e7\u00e3o \u00e9 coletivo, a mudan\u00e7a acontece de verdade<\/strong>. Nosso desejo \u00e9 que este gesto inspire outras empresas a se unirem a n\u00f3s, para que possamos escrever juntos muitas outras hist\u00f3rias de esperan\u00e7a.<\/p>\n\n\n\n<p>Do fundo do cora\u00e7\u00e3o, o Instituto Jo\u00e3o de Barro agradece \u00e0 Central de Adubos por acreditar em nossa miss\u00e3o e por fazer parte dessa corrente do bem.<\/p>\n","protected":false},"excerpt":{"rendered":"<p>H\u00e1 gestos que aquecem o cora\u00e7\u00e3o e renovam a esperan\u00e7a em dias melhores. Foi exatamente isso que sentimos ao receber a doa\u00e7\u00e3o de\u00a0latas de leite da Central de Adubos. Mais do que alimento, essa entrega representa cuidado, empatia e a certeza de que quando empresas e institui\u00e7\u00f5es caminham juntas, muitas vidas podem ser transformadas. Para &hellip;<\/p>\n<p class=\"read-more\"> <a class=\"\" href=\"https:\/\/institutojoaodebarroal.org\/index.php\/2025\/09\/19\/solidariedade-que-transforma-instituto-joao-de-barro-recebe-doacao-da-central-de-adubos\/\"> <span class=\"screen-reader-text\">Solidariedade que Transforma: Instituto Jo\u00e3o de Barro recebe doa\u00e7\u00e3o da Central de Adubos<\/span> Leia mais &raquo;<\/a><\/p>\n","protected":false},"author":1,"featured_media":2037,"comment_status":"open","ping_status":"open","sticky":false,"template":"","format":"standard","meta":{"site-sidebar-layout":"default","site-content-layout":"default","ast-global-header-display":"","ast-main-header-display":"","ast-hfb-above-header-display":"","ast-hfb-below-header-display":"","ast-hfb-mobile-header-display":"","site-post-title":"","ast-breadcrumbs-content":"","ast-featured-img":"disabled","footer-sml-layout":"","theme-transparent-header-meta":"","adv-header-id-meta":"","stick-header-meta":"","header-above-stick-meta":"","header-main-stick-meta":"","header-below-stick-meta":"","footnotes":""},"categories":[1],"tags":[],"jetpack_featured_media_url":"https:\/\/institutojoaodebarroal.org\/wp-content\/uploads\/2025\/09\/540541450_18303218809247126_4879616325794309579_n-e1758294344594.jpg","_links":{"self":[{"href":"https:\/\/institutojoaodebarroal.org\/index.php\/wp-json\/wp\/v2\/posts\/2035"}],"collection":[{"href":"https:\/\/institutojoaodebarroal.org\/index.php\/wp-json\/wp\/v2\/posts"}],"about":[{"href":"https:\/\/institutojoaodebarroal.org\/index.php\/wp-json\/wp\/v2\/types\/post"}],"author":[{"embeddable":true,"href":"https:\/\/institutojoaodebarroal.org\/index.php\/wp-json\/wp\/v2\/users\/1"}],"replies":[{"embeddable":true,"href":"https:\/\/institutojoaodebarroal.org\/index.php\/wp-json\/wp\/v2\/comments?post=2035"}],"version-history":[{"count":3,"href":"https:\/\/institutojoaodebarroal.org\/index.php\/wp-json\/wp\/v2\/posts\/2035\/revisions"}],"predecessor-version":[{"id":2039,"href":"https:\/\/institutojoaodebarroal.org\/index.php\/wp-json\/wp\/v2\/posts\/2035\/revisions\/2039"}],"wp:featuredmedia":[{"embeddable":true,"href":"https:\/\/institutojoaodebarroal.org\/index.php\/wp-json\/wp\/v2\/media\/2037"}],"wp:attachment":[{"href":"https:\/\/institutojoaodebarroal.org\/index.php\/wp-json\/wp\/v2\/media?parent=2035"}],"wp:term":[{"taxonomy":"category","embeddable":true,"href":"https:\/\/institutojoaodebarroal.org\/index.php\/wp-json\/wp\/v2\/categories?post=2035"},{"taxonomy":"post_tag","embeddable":true,"href":"https:\/\/institutojoaodebarroal.org\/index.php\/wp-json\/wp\/v2\/tags?post=2035"}],"curies":[{"name":"wp","href":"https:\/\/api.w.org\/{rel}","templated":true}]}}