{"id":2030,"date":"2025-09-18T23:06:57","date_gmt":"2025-09-19T02:06:57","guid":{"rendered":"https:\/\/institutojoaodebarroal.org\/?p=2030"},"modified":"2025-09-18T23:07:35","modified_gmt":"2025-09-19T02:07:35","slug":"projeto-aprendiz-joao-de-barro-uma-parceria-que-transformou-vidas","status":"publish","type":"post","link":"https:\/\/institutojoaodebarroal.org\/index.php\/2025\/09\/18\/projeto-aprendiz-joao-de-barro-uma-parceria-que-transformou-vidas\/","title":{"rendered":"Projeto Aprendiz Jo\u00e3o de Barro: uma parceria que transformou vidas"},"content":{"rendered":"\n<h2 class=\"wp-block-heading\"><\/h2>\n\n\n\n<figure class=\"wp-block-video aligncenter\"><video controls src=\"https:\/\/institutojoaodebarroal.org\/wp-content\/uploads\/2025\/09\/Hoje-queremos-relembrar-momentos-especiais-do-Projeto-Aprendiz-Joao-de-Barro-realizado-com-o-ap.mp4\"><\/video><\/figure>\n\n\n\n<p><\/p>\n\n\n\n<p>O Projeto Aprendiz Jo\u00e3o de Barro nasceu com um prop\u00f3sito muito especial: abrir caminhos para que jovens possam sonhar mais alto e, ao mesmo tempo, conquistar oportunidades reais de aprendizado e crescimento. Mais do que ensinar conte\u00fados t\u00e9cnicos, o projeto oferece experi\u00eancias que fortalecem o desenvolvimento pessoal, profissional e socioemocional de cada participante.<\/p>\n\n\n\n<p>Essa caminhada ganhou ainda mais for\u00e7a com o apoio financeiro do&nbsp;<strong>Instituto Equatorial<\/strong>, que acreditou no potencial da iniciativa e caminhou ao nosso lado para impactar a vida de muitos adolescentes e jovens. Gra\u00e7as a essa parceria, conseguimos alcan\u00e7ar mais pessoas e entregar ferramentas que ajudam na prepara\u00e7\u00e3o para o mercado de trabalho e para a vida.<\/p>\n\n\n\n<p>Mas, acima de qualquer n\u00famero ou resultado, o que realmente fica s\u00e3o as hist\u00f3rias. Hist\u00f3rias de jovens que descobriram novas habilidades, enfrentaram desafios de frente, fortaleceram sua autoestima e passaram a acreditar em um futuro melhor. \u00c9 esse impacto humano que inspira o Instituto Jo\u00e3o de Barro a seguir firme na sua miss\u00e3o, mesmo diante dos obst\u00e1culos.<\/p>\n\n\n\n<p>O ciclo de parceria com o Instituto Equatorial chegou ao fim, mas o Projeto Aprendiz Jo\u00e3o de Barro segue com a mesma ess\u00eancia: formar cidad\u00e3os preparados para o futuro, capazes de transformar n\u00e3o apenas a pr\u00f3pria trajet\u00f3ria, mas tamb\u00e9m a realidade das comunidades em que vivem.<\/p>\n\n\n\n<p>Deixamos aqui o nosso sincero agradecimento ao Instituto Equatorial por acreditar nessa miss\u00e3o. Cada passo dado juntos deixou marcas que continuar\u00e3o a inspirar e motivar os pr\u00f3ximos cap\u00edtulos dessa hist\u00f3ria.<\/p>\n","protected":false},"excerpt":{"rendered":"<p>O Projeto Aprendiz Jo\u00e3o de Barro nasceu com um prop\u00f3sito muito especial: abrir caminhos para que jovens possam sonhar mais alto e, ao mesmo tempo, conquistar oportunidades reais de aprendizado e crescimento. Mais do que ensinar conte\u00fados t\u00e9cnicos, o projeto oferece experi\u00eancias que fortalecem o desenvolvimento pessoal, profissional e socioemocional de cada participante. Essa caminhada &hellip;<\/p>\n<p class=\"read-more\"> <a class=\"\" href=\"https:\/\/institutojoaodebarroal.org\/index.php\/2025\/09\/18\/projeto-aprendiz-joao-de-barro-uma-parceria-que-transformou-vidas\/\"> <span class=\"screen-reader-text\">Projeto Aprendiz Jo\u00e3o de Barro: uma parceria que transformou vidas<\/span> Leia mais &raquo;<\/a><\/p>\n","protected":false},"author":1,"featured_media":2032,"comment_status":"open","ping_status":"open","sticky":false,"template":"","format":"standard","meta":{"site-sidebar-layout":"default","site-content-layout":"default","ast-global-header-display":"","ast-main-header-display":"","ast-hfb-above-header-display":"","ast-hfb-below-header-display":"","ast-hfb-mobile-header-display":"","site-post-title":"","ast-breadcrumbs-content":"","ast-featured-img":"disabled","footer-sml-layout":"","theme-transparent-header-meta":"","adv-header-id-meta":"","stick-header-meta":"","header-above-stick-meta":"","header-main-stick-meta":"","header-below-stick-meta":"","footnotes":""},"categories":[1],"tags":[],"jetpack_featured_media_url":"https:\/\/institutojoaodebarroal.org\/wp-content\/uploads\/2025\/09\/Captura-de-Tela-2025-09-18-as-23.05.30-e1758247584160.png","_links":{"self":[{"href":"https:\/\/institutojoaodebarroal.org\/index.php\/wp-json\/wp\/v2\/posts\/2030"}],"collection":[{"href":"https:\/\/institutojoaodebarroal.org\/index.php\/wp-json\/wp\/v2\/posts"}],"about":[{"href":"https:\/\/institutojoaodebarroal.org\/index.php\/wp-json\/wp\/v2\/types\/post"}],"author":[{"embeddable":true,"href":"https:\/\/institutojoaodebarroal.org\/index.php\/wp-json\/wp\/v2\/users\/1"}],"replies":[{"embeddable":true,"href":"https:\/\/institutojoaodebarroal.org\/index.php\/wp-json\/wp\/v2\/comments?post=2030"}],"version-history":[{"count":2,"href":"https:\/\/institutojoaodebarroal.org\/index.php\/wp-json\/wp\/v2\/posts\/2030\/revisions"}],"predecessor-version":[{"id":2034,"href":"https:\/\/institutojoaodebarroal.org\/index.php\/wp-json\/wp\/v2\/posts\/2030\/revisions\/2034"}],"wp:featuredmedia":[{"embeddable":true,"href":"https:\/\/institutojoaodebarroal.org\/index.php\/wp-json\/wp\/v2\/media\/2032"}],"wp:attachment":[{"href":"https:\/\/institutojoaodebarroal.org\/index.php\/wp-json\/wp\/v2\/media?parent=2030"}],"wp:term":[{"taxonomy":"category","embeddable":true,"href":"https:\/\/institutojoaodebarroal.org\/index.php\/wp-json\/wp\/v2\/categories?post=2030"},{"taxonomy":"post_tag","embeddable":true,"href":"https:\/\/institutojoaodebarroal.org\/index.php\/wp-json\/wp\/v2\/tags?post=2030"}],"curies":[{"name":"wp","href":"https:\/\/api.w.org\/{rel}","templated":true}]}}