{"id":2024,"date":"2025-09-17T20:31:41","date_gmt":"2025-09-17T23:31:41","guid":{"rendered":"https:\/\/institutojoaodebarroal.org\/?p=2024"},"modified":"2025-09-17T20:31:41","modified_gmt":"2025-09-17T23:31:41","slug":"um-dia-dedicado-ao-cuidado-e-ao-fortalecimento-das-mulheres","status":"publish","type":"post","link":"https:\/\/institutojoaodebarroal.org\/index.php\/2025\/09\/17\/um-dia-dedicado-ao-cuidado-e-ao-fortalecimento-das-mulheres\/","title":{"rendered":"Um Dia Dedicado ao Cuidado e ao Fortalecimento das Mulheres"},"content":{"rendered":"\n<h1 class=\"wp-block-heading\"><\/h1>\n\n\n\n<figure class=\"wp-block-video aligncenter\"><video controls src=\"https:\/\/institutojoaodebarroal.org\/wp-content\/uploads\/2025\/09\/\ud83c\udf37-Um-momento-dedicado-a-elas-aprendizado-acolhimento-e-autocuidado.Nossas-mulheres-participar.mp4\"><\/video><\/figure>\n\n\n\n<p><\/p>\n\n\n\n<p>O Instituto Jo\u00e3o de Barro promoveu, em sua sede no Pau d\u2019Arco, uma a\u00e7\u00e3o especial em alus\u00e3o ao\u00a0<strong>Dia do Cuidado<\/strong>, voltada para mulheres participantes dos projetos\u00a0<strong>Joaninha-de-Barro, Prato Cheio e Sa\u00fade Solid\u00e1ria<\/strong>.<\/p>\n\n\n\n<p>O encontro teve in\u00edcio com uma palestra que trouxe reflex\u00f5es sobre&nbsp;<strong>empoderamento feminino, autoconfian\u00e7a e fortalecimento de grupos<\/strong>, incentivando cada participante a reconhecer seu potencial e a import\u00e2ncia de ocupar espa\u00e7os de protagonismo em sua comunidade.<\/p>\n\n\n\n<p>Enquanto a roda de conversa acontecia, um espa\u00e7o paralelo foi preparado para momentos de&nbsp;<strong>acolhimento e autocuidado<\/strong>, onde as mulheres puderam desfrutar de atendimentos especializados em bem-estar e sa\u00fade. Essa aten\u00e7\u00e3o diferenciada refor\u00e7a a miss\u00e3o do Instituto em oferecer n\u00e3o apenas apoio social e educacional, mas tamb\u00e9m oportunidades que elevam a autoestima e valorizam a mulher como agente transformadora.<\/p>\n\n\n\n<p>A a\u00e7\u00e3o foi marcada por sorrisos, trocas de experi\u00eancias e pela sensa\u00e7\u00e3o de pertencimento. Mais do que um evento, foi um convite para que cada mulher se enxergasse como parte de uma rede de apoio capaz de gerar&nbsp;<strong>transforma\u00e7\u00e3o pessoal e coletiva<\/strong>.<\/p>\n\n\n\n<p>O Instituto Jo\u00e3o de Barro acredita que cuidar \u00e9 tamb\u00e9m&nbsp;<strong>empoderar, incluir e fortalecer v\u00ednculos<\/strong>. A cada iniciativa, reafirmamos o compromisso de promover qualidade de vida, incentivar a autonomia e abrir caminhos para que mulheres e fam\u00edlias possam sonhar e conquistar novas possibilidades.<\/p>\n","protected":false},"excerpt":{"rendered":"<p>O Instituto Jo\u00e3o de Barro promoveu, em sua sede no Pau d\u2019Arco, uma a\u00e7\u00e3o especial em alus\u00e3o ao\u00a0Dia do Cuidado, voltada para mulheres participantes dos projetos\u00a0Joaninha-de-Barro, Prato Cheio e Sa\u00fade Solid\u00e1ria. O encontro teve in\u00edcio com uma palestra que trouxe reflex\u00f5es sobre&nbsp;empoderamento feminino, autoconfian\u00e7a e fortalecimento de grupos, incentivando cada participante a reconhecer seu potencial &hellip;<\/p>\n<p class=\"read-more\"> <a class=\"\" href=\"https:\/\/institutojoaodebarroal.org\/index.php\/2025\/09\/17\/um-dia-dedicado-ao-cuidado-e-ao-fortalecimento-das-mulheres\/\"> <span class=\"screen-reader-text\">Um Dia Dedicado ao Cuidado e ao Fortalecimento das Mulheres<\/span> Leia mais &raquo;<\/a><\/p>\n","protected":false},"author":1,"featured_media":2028,"comment_status":"open","ping_status":"open","sticky":false,"template":"","format":"standard","meta":{"site-sidebar-layout":"default","site-content-layout":"default","ast-global-header-display":"","ast-main-header-display":"","ast-hfb-above-header-display":"","ast-hfb-below-header-display":"","ast-hfb-mobile-header-display":"","site-post-title":"","ast-breadcrumbs-content":"","ast-featured-img":"disabled","footer-sml-layout":"","theme-transparent-header-meta":"","adv-header-id-meta":"","stick-header-meta":"","header-above-stick-meta":"","header-main-stick-meta":"","header-below-stick-meta":"","footnotes":""},"categories":[1],"tags":[],"jetpack_featured_media_url":"https:\/\/institutojoaodebarroal.org\/wp-content\/uploads\/2025\/09\/Captura-de-Tela-2025-09-17-as-20.29.25-e1758151888835.png","_links":{"self":[{"href":"https:\/\/institutojoaodebarroal.org\/index.php\/wp-json\/wp\/v2\/posts\/2024"}],"collection":[{"href":"https:\/\/institutojoaodebarroal.org\/index.php\/wp-json\/wp\/v2\/posts"}],"about":[{"href":"https:\/\/institutojoaodebarroal.org\/index.php\/wp-json\/wp\/v2\/types\/post"}],"author":[{"embeddable":true,"href":"https:\/\/institutojoaodebarroal.org\/index.php\/wp-json\/wp\/v2\/users\/1"}],"replies":[{"embeddable":true,"href":"https:\/\/institutojoaodebarroal.org\/index.php\/wp-json\/wp\/v2\/comments?post=2024"}],"version-history":[{"count":3,"href":"https:\/\/institutojoaodebarroal.org\/index.php\/wp-json\/wp\/v2\/posts\/2024\/revisions"}],"predecessor-version":[{"id":2029,"href":"https:\/\/institutojoaodebarroal.org\/index.php\/wp-json\/wp\/v2\/posts\/2024\/revisions\/2029"}],"wp:featuredmedia":[{"embeddable":true,"href":"https:\/\/institutojoaodebarroal.org\/index.php\/wp-json\/wp\/v2\/media\/2028"}],"wp:attachment":[{"href":"https:\/\/institutojoaodebarroal.org\/index.php\/wp-json\/wp\/v2\/media?parent=2024"}],"wp:term":[{"taxonomy":"category","embeddable":true,"href":"https:\/\/institutojoaodebarroal.org\/index.php\/wp-json\/wp\/v2\/categories?post=2024"},{"taxonomy":"post_tag","embeddable":true,"href":"https:\/\/institutojoaodebarroal.org\/index.php\/wp-json\/wp\/v2\/tags?post=2024"}],"curies":[{"name":"wp","href":"https:\/\/api.w.org\/{rel}","templated":true}]}}