{"id":2012,"date":"2025-09-17T19:03:20","date_gmt":"2025-09-17T22:03:20","guid":{"rendered":"https:\/\/institutojoaodebarroal.org\/?p=2012"},"modified":"2025-09-17T19:03:20","modified_gmt":"2025-09-17T22:03:20","slug":"instituto-joao-de-barro-recebe-a-equatorial-em-acao-itinerante","status":"publish","type":"post","link":"https:\/\/institutojoaodebarroal.org\/index.php\/2025\/09\/17\/instituto-joao-de-barro-recebe-a-equatorial-em-acao-itinerante\/","title":{"rendered":"Instituto Jo\u00e3o de Barro recebe a Equatorial em a\u00e7\u00e3o itinerante"},"content":{"rendered":"\n<h1 class=\"wp-block-heading\"><\/h1>\n\n\n\n<figure class=\"wp-block-video aligncenter\"><video controls src=\"https:\/\/institutojoaodebarroal.org\/wp-content\/uploads\/2025\/09\/Hoje-o-Instituto-Joao-de-Barro-recebeu-a-empresa-Equatorial-em-uma-acao-itinerante-oferecendo-.mp4\"><\/video><\/figure>\n\n\n\n<p><br>Nosso Instituto Jo\u00e3o de Barro recebeu com muita alegria a equipe da\u00a0<strong>Equatorial Alagoas<\/strong>\u00a0em uma a\u00e7\u00e3o itinerante especial, que trouxe \u00e0 comunidade\u00a0<strong>servi\u00e7os essenciais e de grande import\u00e2ncia para o dia a dia das fam\u00edlias<\/strong>.<\/p>\n\n\n\n<p>Foi um momento de aproxima\u00e7\u00e3o, onde a empresa p\u00f4de estar mais perto das pessoas, mostrando seu compromisso com a responsabilidade social e com a melhoria da qualidade de vida em nosso estado. Para n\u00f3s, que trabalhamos diariamente pela&nbsp;<strong>inclus\u00e3o social, cidadania e desenvolvimento sustent\u00e1vel<\/strong>, essa parceria tem um significado muito especial.<\/p>\n\n\n\n<p>Abrir as portas do Instituto para receber iniciativas como essa refor\u00e7a nosso papel de ser um espa\u00e7o de acolhimento e apoio. A presen\u00e7a da Equatorial n\u00e3o s\u00f3 levou servi\u00e7os necess\u00e1rios, como tamb\u00e9m fortaleceu a rede de cuidado que constru\u00edmos junto \u00e0 comunidade.<\/p>\n\n\n\n<p>Mais do que atendimento, a a\u00e7\u00e3o proporcionou \u00e0s fam\u00edlias atendidas a oportunidade de exercer a cidadania de forma pr\u00e1tica, recebendo orienta\u00e7\u00f5es e cuidados que fazem diferen\u00e7a no cotidiano.<\/p>\n\n\n\n<p>Agradecemos de cora\u00e7\u00e3o \u00e0 Equatorial pela presen\u00e7a e pela parceria. Seguimos acreditando que, quando sociedade civil, empresas e poder p\u00fablico caminham juntos, conseguimos ampliar horizontes e construir um futuro mais justo e cheio de possibilidades para todos.<\/p>\n","protected":false},"excerpt":{"rendered":"<p>Nosso Instituto Jo\u00e3o de Barro recebeu com muita alegria a equipe da\u00a0Equatorial Alagoas\u00a0em uma a\u00e7\u00e3o itinerante especial, que trouxe \u00e0 comunidade\u00a0servi\u00e7os essenciais e de grande import\u00e2ncia para o dia a dia das fam\u00edlias. Foi um momento de aproxima\u00e7\u00e3o, onde a empresa p\u00f4de estar mais perto das pessoas, mostrando seu compromisso com a responsabilidade social e &hellip;<\/p>\n<p class=\"read-more\"> <a class=\"\" href=\"https:\/\/institutojoaodebarroal.org\/index.php\/2025\/09\/17\/instituto-joao-de-barro-recebe-a-equatorial-em-acao-itinerante\/\"> <span class=\"screen-reader-text\">Instituto Jo\u00e3o de Barro recebe a Equatorial em a\u00e7\u00e3o itinerante<\/span> Leia mais &raquo;<\/a><\/p>\n","protected":false},"author":1,"featured_media":2016,"comment_status":"open","ping_status":"open","sticky":false,"template":"","format":"standard","meta":{"site-sidebar-layout":"default","site-content-layout":"default","ast-global-header-display":"","ast-main-header-display":"","ast-hfb-above-header-display":"","ast-hfb-below-header-display":"","ast-hfb-mobile-header-display":"","site-post-title":"","ast-breadcrumbs-content":"","ast-featured-img":"disabled","footer-sml-layout":"","theme-transparent-header-meta":"","adv-header-id-meta":"","stick-header-meta":"","header-above-stick-meta":"","header-main-stick-meta":"","header-below-stick-meta":"","footnotes":""},"categories":[1],"tags":[],"jetpack_featured_media_url":"https:\/\/institutojoaodebarroal.org\/wp-content\/uploads\/2025\/09\/Captura-de-Tela-2025-09-17-as-19.01.53-e1758146573485.png","_links":{"self":[{"href":"https:\/\/institutojoaodebarroal.org\/index.php\/wp-json\/wp\/v2\/posts\/2012"}],"collection":[{"href":"https:\/\/institutojoaodebarroal.org\/index.php\/wp-json\/wp\/v2\/posts"}],"about":[{"href":"https:\/\/institutojoaodebarroal.org\/index.php\/wp-json\/wp\/v2\/types\/post"}],"author":[{"embeddable":true,"href":"https:\/\/institutojoaodebarroal.org\/index.php\/wp-json\/wp\/v2\/users\/1"}],"replies":[{"embeddable":true,"href":"https:\/\/institutojoaodebarroal.org\/index.php\/wp-json\/wp\/v2\/comments?post=2012"}],"version-history":[{"count":3,"href":"https:\/\/institutojoaodebarroal.org\/index.php\/wp-json\/wp\/v2\/posts\/2012\/revisions"}],"predecessor-version":[{"id":2017,"href":"https:\/\/institutojoaodebarroal.org\/index.php\/wp-json\/wp\/v2\/posts\/2012\/revisions\/2017"}],"wp:featuredmedia":[{"embeddable":true,"href":"https:\/\/institutojoaodebarroal.org\/index.php\/wp-json\/wp\/v2\/media\/2016"}],"wp:attachment":[{"href":"https:\/\/institutojoaodebarroal.org\/index.php\/wp-json\/wp\/v2\/media?parent=2012"}],"wp:term":[{"taxonomy":"category","embeddable":true,"href":"https:\/\/institutojoaodebarroal.org\/index.php\/wp-json\/wp\/v2\/categories?post=2012"},{"taxonomy":"post_tag","embeddable":true,"href":"https:\/\/institutojoaodebarroal.org\/index.php\/wp-json\/wp\/v2\/tags?post=2012"}],"curies":[{"name":"wp","href":"https:\/\/api.w.org\/{rel}","templated":true}]}}