{"id":1949,"date":"2025-08-13T19:46:52","date_gmt":"2025-08-13T22:46:52","guid":{"rendered":"https:\/\/institutojoaodebarroal.org\/?p=1949"},"modified":"2025-08-13T19:47:36","modified_gmt":"2025-08-13T22:47:36","slug":"jovens-aprendizes-do-instituto-joao-de-barro-aprendem-tecnicas-de-comunicacao-e-oratoria","status":"publish","type":"post","link":"https:\/\/institutojoaodebarroal.org\/index.php\/2025\/08\/13\/jovens-aprendizes-do-instituto-joao-de-barro-aprendem-tecnicas-de-comunicacao-e-oratoria\/","title":{"rendered":"Jovens Aprendizes do Instituto Jo\u00e3o de Barro Aprendem T\u00e9cnicas de Comunica\u00e7\u00e3o e Orat\u00f3ria"},"content":{"rendered":"\n<h2 class=\"wp-block-heading\"><\/h2>\n\n\n\n<figure class=\"wp-block-video aligncenter\"><video controls src=\"https:\/\/institutojoaodebarroal.org\/wp-content\/uploads\/2025\/08\/Os-jovens-aprendizes-do-Instituto-Joao-de-Barro-viveram-um-momento-incrivel-com-a-palestra-de-Ha.mp4\"><\/video><\/figure>\n\n\n\n<p><\/p>\n\n\n\n<p>No \u00faltimo encontro, nossos\u00a0<strong>Jovens Aprendizes<\/strong>\u00a0viveram uma experi\u00eancia enriquecedora, mergulhando no universo da Comunica\u00e7\u00e3o e da Orat\u00f3ria. A atividade foi conduzida por\u00a0<strong>Hanny Daisy<\/strong>, especialista no assunto, que trouxe n\u00e3o apenas t\u00e9cnicas, mas tamb\u00e9m inspira\u00e7\u00e3o e confian\u00e7a para que cada participante descubra o poder da sua pr\u00f3pria voz.<\/p>\n\n\n\n<p>O encontro foi marcado por trocas de experi\u00eancias e aprendizados pr\u00e1ticos, revelando aos jovens a import\u00e2ncia de se comunicar com clareza, postura e seguran\u00e7a \u2014 habilidades fundamentais tanto para a vida profissional quanto pessoal.<\/p>\n\n\n\n<p>Essa iniciativa integra o compromisso do&nbsp;<strong>Projeto Aprendiz Jo\u00e3o de Barro<\/strong>&nbsp;em oferecer oportunidades que ampliem o conhecimento, desenvolvam compet\u00eancias e aproximem os jovens de seus objetivos, preparando-os para os desafios do mercado de trabalho e da vida.<\/p>\n\n\n\n<p>Mais uma vez, o&nbsp;<strong>Instituto Jo\u00e3o de Barro<\/strong>&nbsp;reafirma sua miss\u00e3o de transformar realidades por meio de experi\u00eancias significativas, capazes de inspirar e fortalecer a confian\u00e7a de cada jovem no pr\u00f3prio potencial.<\/p>\n","protected":false},"excerpt":{"rendered":"<p>No \u00faltimo encontro, nossos\u00a0Jovens Aprendizes\u00a0viveram uma experi\u00eancia enriquecedora, mergulhando no universo da Comunica\u00e7\u00e3o e da Orat\u00f3ria. A atividade foi conduzida por\u00a0Hanny Daisy, especialista no assunto, que trouxe n\u00e3o apenas t\u00e9cnicas, mas tamb\u00e9m inspira\u00e7\u00e3o e confian\u00e7a para que cada participante descubra o poder da sua pr\u00f3pria voz. O encontro foi marcado por trocas de experi\u00eancias e &hellip;<\/p>\n<p class=\"read-more\"> <a class=\"\" href=\"https:\/\/institutojoaodebarroal.org\/index.php\/2025\/08\/13\/jovens-aprendizes-do-instituto-joao-de-barro-aprendem-tecnicas-de-comunicacao-e-oratoria\/\"> <span class=\"screen-reader-text\">Jovens Aprendizes do Instituto Jo\u00e3o de Barro Aprendem T\u00e9cnicas de Comunica\u00e7\u00e3o e Orat\u00f3ria<\/span> Leia mais &raquo;<\/a><\/p>\n","protected":false},"author":1,"featured_media":1951,"comment_status":"open","ping_status":"open","sticky":false,"template":"","format":"standard","meta":{"site-sidebar-layout":"default","site-content-layout":"default","ast-global-header-display":"","ast-main-header-display":"","ast-hfb-above-header-display":"","ast-hfb-below-header-display":"","ast-hfb-mobile-header-display":"","site-post-title":"","ast-breadcrumbs-content":"","ast-featured-img":"disabled","footer-sml-layout":"","theme-transparent-header-meta":"","adv-header-id-meta":"","stick-header-meta":"","header-above-stick-meta":"","header-main-stick-meta":"","header-below-stick-meta":"","footnotes":""},"categories":[1],"tags":[],"jetpack_featured_media_url":"https:\/\/institutojoaodebarroal.org\/wp-content\/uploads\/2025\/08\/Captura-de-Tela-2025-08-13-as-19.45.17-e1755125196686.png","_links":{"self":[{"href":"https:\/\/institutojoaodebarroal.org\/index.php\/wp-json\/wp\/v2\/posts\/1949"}],"collection":[{"href":"https:\/\/institutojoaodebarroal.org\/index.php\/wp-json\/wp\/v2\/posts"}],"about":[{"href":"https:\/\/institutojoaodebarroal.org\/index.php\/wp-json\/wp\/v2\/types\/post"}],"author":[{"embeddable":true,"href":"https:\/\/institutojoaodebarroal.org\/index.php\/wp-json\/wp\/v2\/users\/1"}],"replies":[{"embeddable":true,"href":"https:\/\/institutojoaodebarroal.org\/index.php\/wp-json\/wp\/v2\/comments?post=1949"}],"version-history":[{"count":3,"href":"https:\/\/institutojoaodebarroal.org\/index.php\/wp-json\/wp\/v2\/posts\/1949\/revisions"}],"predecessor-version":[{"id":1954,"href":"https:\/\/institutojoaodebarroal.org\/index.php\/wp-json\/wp\/v2\/posts\/1949\/revisions\/1954"}],"wp:featuredmedia":[{"embeddable":true,"href":"https:\/\/institutojoaodebarroal.org\/index.php\/wp-json\/wp\/v2\/media\/1951"}],"wp:attachment":[{"href":"https:\/\/institutojoaodebarroal.org\/index.php\/wp-json\/wp\/v2\/media?parent=1949"}],"wp:term":[{"taxonomy":"category","embeddable":true,"href":"https:\/\/institutojoaodebarroal.org\/index.php\/wp-json\/wp\/v2\/categories?post=1949"},{"taxonomy":"post_tag","embeddable":true,"href":"https:\/\/institutojoaodebarroal.org\/index.php\/wp-json\/wp\/v2\/tags?post=1949"}],"curies":[{"name":"wp","href":"https:\/\/api.w.org\/{rel}","templated":true}]}}