{"id":1942,"date":"2025-08-12T14:29:51","date_gmt":"2025-08-12T17:29:51","guid":{"rendered":"https:\/\/institutojoaodebarroal.org\/?p=1942"},"modified":"2025-08-13T10:15:06","modified_gmt":"2025-08-13T13:15:06","slug":"inclusao-que-transforma-reflexoes-com-o-professor-geraldo-pecanha","status":"publish","type":"post","link":"https:\/\/institutojoaodebarroal.org\/index.php\/2025\/08\/12\/inclusao-que-transforma-reflexoes-com-o-professor-geraldo-pecanha\/","title":{"rendered":"Inclus\u00e3o que Transforma: Reflex\u00f5es com o Professor Geraldo Pe\u00e7anha"},"content":{"rendered":"\n<figure class=\"wp-block-video aligncenter\"><video controls src=\"https:\/\/institutojoaodebarroal.org\/wp-content\/uploads\/2025\/08\/Hoje-vivenciamos-uma-palestra-inspiradora-com-o-professor-Geraldo-Pecanha-que-nos-trouxe-refle.mp4\"><\/video><\/figure>\n\n\n\n<p>No Instituto Jo\u00e3o de Barro, inclus\u00e3o n\u00e3o \u00e9 apenas um ideal, \u00e9 um compromisso vivido todos os dias. Recentemente, tivemos a felicidade de receber o professor Geraldo Pe\u00e7anha para uma palestra que foi muito mais que um momento de aprendizado. Foi um encontro cheio de inspira\u00e7\u00e3o, troca de experi\u00eancias e renova\u00e7\u00e3o da nossa miss\u00e3o.<\/p>\n\n\n\n<p>Os colaboradores, que diariamente dedicam seu tempo e energia \u00e0s nossas a\u00e7\u00f5es sociais, educacionais e culturais, puderam repensar pr\u00e1ticas, ampliar perspectivas e fortalecer a sensibilidade no acolhimento de crian\u00e7as, adolescentes, jovens e fam\u00edlias.<\/p>\n\n\n\n<p>O que vivemos n\u00e3o foi apenas a transmiss\u00e3o de conhecimento, mas uma verdadeira conex\u00e3o humana. Ficou ainda mais claro para todos n\u00f3s que inclus\u00e3o se constr\u00f3i na rotina, no respeito \u00e0s diferen\u00e7as e na certeza de que cada pessoa merece espa\u00e7o e oportunidade para se desenvolver plenamente.<\/p>\n\n\n\n<p>As reflex\u00f5es do professor Geraldo nos lembraram do prop\u00f3sito que guia cada projeto do Instituto: acolher, apoiar e transformar vidas. Seja no tatame, nas salas de aula, no palco ou nas rodas de conversa, tudo o que fazemos nasce do cuidado, da empatia e da solidariedade.<\/p>\n\n\n\n<p>Nossa gratid\u00e3o ao professor Geraldo Pe\u00e7anha por compartilhar sua sabedoria e a cada colaborador que esteve presente com o cora\u00e7\u00e3o aberto. Seguimos juntos, certos de que a inclus\u00e3o \u00e9 tanto o caminho quanto o destino que queremos alcan\u00e7ar.<\/p>\n","protected":false},"excerpt":{"rendered":"<p>No Instituto Jo\u00e3o de Barro, inclus\u00e3o n\u00e3o \u00e9 apenas um ideal, \u00e9 um compromisso vivido todos os dias. Recentemente, tivemos a felicidade de receber o professor Geraldo Pe\u00e7anha para uma palestra que foi muito mais que um momento de aprendizado. Foi um encontro cheio de inspira\u00e7\u00e3o, troca de experi\u00eancias e renova\u00e7\u00e3o da nossa miss\u00e3o. Os &hellip;<\/p>\n<p class=\"read-more\"> <a class=\"\" href=\"https:\/\/institutojoaodebarroal.org\/index.php\/2025\/08\/12\/inclusao-que-transforma-reflexoes-com-o-professor-geraldo-pecanha\/\"> <span class=\"screen-reader-text\">Inclus\u00e3o que Transforma: Reflex\u00f5es com o Professor Geraldo Pe\u00e7anha<\/span> Leia mais &raquo;<\/a><\/p>\n","protected":false},"author":1,"featured_media":1947,"comment_status":"open","ping_status":"open","sticky":false,"template":"","format":"standard","meta":{"site-sidebar-layout":"default","site-content-layout":"default","ast-global-header-display":"","ast-main-header-display":"","ast-hfb-above-header-display":"","ast-hfb-below-header-display":"","ast-hfb-mobile-header-display":"","site-post-title":"","ast-breadcrumbs-content":"","ast-featured-img":"disabled","footer-sml-layout":"","theme-transparent-header-meta":"","adv-header-id-meta":"","stick-header-meta":"","header-above-stick-meta":"","header-main-stick-meta":"","header-below-stick-meta":"","footnotes":""},"categories":[1],"tags":[],"jetpack_featured_media_url":"https:\/\/institutojoaodebarroal.org\/wp-content\/uploads\/2025\/08\/Captura-de-Tela-2025-08-13-as-10.11.43-e1755090891818.png","_links":{"self":[{"href":"https:\/\/institutojoaodebarroal.org\/index.php\/wp-json\/wp\/v2\/posts\/1942"}],"collection":[{"href":"https:\/\/institutojoaodebarroal.org\/index.php\/wp-json\/wp\/v2\/posts"}],"about":[{"href":"https:\/\/institutojoaodebarroal.org\/index.php\/wp-json\/wp\/v2\/types\/post"}],"author":[{"embeddable":true,"href":"https:\/\/institutojoaodebarroal.org\/index.php\/wp-json\/wp\/v2\/users\/1"}],"replies":[{"embeddable":true,"href":"https:\/\/institutojoaodebarroal.org\/index.php\/wp-json\/wp\/v2\/comments?post=1942"}],"version-history":[{"count":3,"href":"https:\/\/institutojoaodebarroal.org\/index.php\/wp-json\/wp\/v2\/posts\/1942\/revisions"}],"predecessor-version":[{"id":1948,"href":"https:\/\/institutojoaodebarroal.org\/index.php\/wp-json\/wp\/v2\/posts\/1942\/revisions\/1948"}],"wp:featuredmedia":[{"embeddable":true,"href":"https:\/\/institutojoaodebarroal.org\/index.php\/wp-json\/wp\/v2\/media\/1947"}],"wp:attachment":[{"href":"https:\/\/institutojoaodebarroal.org\/index.php\/wp-json\/wp\/v2\/media?parent=1942"}],"wp:term":[{"taxonomy":"category","embeddable":true,"href":"https:\/\/institutojoaodebarroal.org\/index.php\/wp-json\/wp\/v2\/categories?post=1942"},{"taxonomy":"post_tag","embeddable":true,"href":"https:\/\/institutojoaodebarroal.org\/index.php\/wp-json\/wp\/v2\/tags?post=1942"}],"curies":[{"name":"wp","href":"https:\/\/api.w.org\/{rel}","templated":true}]}}