{"id":1919,"date":"2025-07-24T17:48:58","date_gmt":"2025-07-24T20:48:58","guid":{"rendered":"https:\/\/institutojoaodebarroal.org\/?p=1919"},"modified":"2025-07-24T17:56:48","modified_gmt":"2025-07-24T20:56:48","slug":"do-tatame-ao-podio-nossos-atletas-brilham-no-campeonato-brasileiro-de-karate","status":"publish","type":"post","link":"https:\/\/institutojoaodebarroal.org\/index.php\/2025\/07\/24\/do-tatame-ao-podio-nossos-atletas-brilham-no-campeonato-brasileiro-de-karate\/","title":{"rendered":"Do Tatame ao P\u00f3dio: Nossos Atletas Brilham no Campeonato Brasileiro de Karat\u00ea!"},"content":{"rendered":"\n<h2 class=\"wp-block-heading\"><\/h2>\n\n\n\n<figure class=\"wp-block-image aligncenter size-large\"><img loading=\"lazy\" decoding=\"async\" width=\"768\" height=\"1024\" src=\"https:\/\/institutojoaodebarroal.org\/wp-content\/uploads\/2025\/07\/campeonato-brasileiro-karate-768x1024.jpg\" alt=\"Alunos do Instituto Jo\u00e3o de Barro no Campeonato Brasileiro de Karat\u00ea\" class=\"wp-image-1921\" srcset=\"https:\/\/institutojoaodebarroal.org\/wp-content\/uploads\/2025\/07\/campeonato-brasileiro-karate-768x1024.jpg 768w, https:\/\/institutojoaodebarroal.org\/wp-content\/uploads\/2025\/07\/campeonato-brasileiro-karate-225x300.jpg 225w, https:\/\/institutojoaodebarroal.org\/wp-content\/uploads\/2025\/07\/campeonato-brasileiro-karate-1152x1536.jpg 1152w, https:\/\/institutojoaodebarroal.org\/wp-content\/uploads\/2025\/07\/campeonato-brasileiro-karate-600x800.jpg 600w, https:\/\/institutojoaodebarroal.org\/wp-content\/uploads\/2025\/07\/campeonato-brasileiro-karate.jpg 1200w\" sizes=\"(max-width: 768px) 100vw, 768px\" \/><\/figure>\n\n\n\n<p>O que come\u00e7ou como um sonho no cora\u00e7\u00e3o de dois jovens cheios de determina\u00e7\u00e3o se transformou em conquista nacional. Jos\u00e9 Gabriel e Maria Eduarda, alunos do nosso Projeto&nbsp;<strong>Cidadania no Tatame<\/strong>, foram finalistas e&nbsp;<strong>medalhistas no XXX Campeonato Brasileiro de Karat\u00ea<\/strong>, realizado em Recife (PE). Sim, o p\u00f3dio \u00e9 nosso \u2014 e \u00e9 tamb\u00e9m de todos que acreditam na for\u00e7a transformadora do esporte!<\/p>\n\n\n\n<p>Foram dias intensos, com muita emo\u00e7\u00e3o e adrenalina, mas principalmente com aquele sentimento que n\u00e3o se ensina em nenhum tatame: o orgulho de representar o Instituto Jo\u00e3o de Barro e a nossa cidade de Arapiraca com coragem, respeito e garra.<\/p>\n\n\n\n<p>O projeto Cidadania no Tatame \u00e9 um dos pilares da nossa atua\u00e7\u00e3o. Ele vai muito al\u00e9m das t\u00e9cnicas do karat\u00ea: aqui, os alunos aprendem sobre disciplina, supera\u00e7\u00e3o, respeito, empatia e, claro, cidadania. \u00c9 por meio dessas viv\u00eancias que hist\u00f3rias como a de Jos\u00e9 Gabriel e Maria Eduarda ganham for\u00e7a e transformam realidades.<\/p>\n\n\n\n<p>Ver nossos adolescentes alcan\u00e7ando o p\u00f3dio em uma competi\u00e7\u00e3o nacional nos enche de orgulho. Mas o que realmente aquece o cora\u00e7\u00e3o \u00e9 saber de onde eles vieram \u2014 de treinos persistentes, dias dif\u00edceis, do apoio m\u00fatuo e do comprometimento de uma equipe que acredita em cada passo dessa jornada.<\/p>\n\n\n\n<p>Essas medalhas representam muito mais do que vit\u00f3rias esportivas. Elas simbolizam resist\u00eancia, oportunidades bem aproveitadas e sonhos que se tornam realidade. E, mais do que isso, mostram que, mesmo com recursos limitados, conseguimos alcan\u00e7ar resultados gigantes.<\/p>\n\n\n\n<p>O Instituto Jo\u00e3o de Barro tem orgulho de fazer parte dessa hist\u00f3ria. Seguimos firmes, mantendo projetos como o Cidadania no Tatame com esfor\u00e7o pr\u00f3prio e contando com o apoio de parceiros, prefeituras, empresas e pessoas que acreditam na transforma\u00e7\u00e3o social. Cada medalha conquistada \u00e9, tamb\u00e9m, um sinal de que vale a pena continuar.<\/p>\n\n\n\n<p><strong>Parab\u00e9ns, Jos\u00e9 Gabriel e Maria Eduarda!<\/strong>&nbsp;Voc\u00eas s\u00e3o inspira\u00e7\u00e3o viva para todos n\u00f3s. Que essa conquista seja apenas o come\u00e7o de muitas outras. E que suas hist\u00f3rias motivem outras crian\u00e7as e adolescentes a tamb\u00e9m acreditarem que podem chegar longe \u2014 dentro e fora do tatame.<\/p>\n","protected":false},"excerpt":{"rendered":"<p>O que come\u00e7ou como um sonho no cora\u00e7\u00e3o de dois jovens cheios de determina\u00e7\u00e3o se transformou em conquista nacional. Jos\u00e9 Gabriel e Maria Eduarda, alunos do nosso Projeto&nbsp;Cidadania no Tatame, foram finalistas e&nbsp;medalhistas no XXX Campeonato Brasileiro de Karat\u00ea, realizado em Recife (PE). Sim, o p\u00f3dio \u00e9 nosso \u2014 e \u00e9 tamb\u00e9m de todos que &hellip;<\/p>\n<p class=\"read-more\"> <a class=\"\" href=\"https:\/\/institutojoaodebarroal.org\/index.php\/2025\/07\/24\/do-tatame-ao-podio-nossos-atletas-brilham-no-campeonato-brasileiro-de-karate\/\"> <span class=\"screen-reader-text\">Do Tatame ao P\u00f3dio: Nossos Atletas Brilham no Campeonato Brasileiro de Karat\u00ea!<\/span> Leia mais &raquo;<\/a><\/p>\n","protected":false},"author":1,"featured_media":1922,"comment_status":"open","ping_status":"open","sticky":false,"template":"","format":"standard","meta":{"site-sidebar-layout":"default","site-content-layout":"default","ast-global-header-display":"","ast-main-header-display":"","ast-hfb-above-header-display":"","ast-hfb-below-header-display":"","ast-hfb-mobile-header-display":"","site-post-title":"","ast-breadcrumbs-content":"","ast-featured-img":"disabled","footer-sml-layout":"","theme-transparent-header-meta":"","adv-header-id-meta":"","stick-header-meta":"","header-above-stick-meta":"","header-main-stick-meta":"","header-below-stick-meta":"","footnotes":""},"categories":[1],"tags":[],"jetpack_featured_media_url":"https:\/\/institutojoaodebarroal.org\/wp-content\/uploads\/2025\/07\/campeonato-brasileiro-karate-1-e1753390467479.jpg","_links":{"self":[{"href":"https:\/\/institutojoaodebarroal.org\/index.php\/wp-json\/wp\/v2\/posts\/1919"}],"collection":[{"href":"https:\/\/institutojoaodebarroal.org\/index.php\/wp-json\/wp\/v2\/posts"}],"about":[{"href":"https:\/\/institutojoaodebarroal.org\/index.php\/wp-json\/wp\/v2\/types\/post"}],"author":[{"embeddable":true,"href":"https:\/\/institutojoaodebarroal.org\/index.php\/wp-json\/wp\/v2\/users\/1"}],"replies":[{"embeddable":true,"href":"https:\/\/institutojoaodebarroal.org\/index.php\/wp-json\/wp\/v2\/comments?post=1919"}],"version-history":[{"count":5,"href":"https:\/\/institutojoaodebarroal.org\/index.php\/wp-json\/wp\/v2\/posts\/1919\/revisions"}],"predecessor-version":[{"id":1927,"href":"https:\/\/institutojoaodebarroal.org\/index.php\/wp-json\/wp\/v2\/posts\/1919\/revisions\/1927"}],"wp:featuredmedia":[{"embeddable":true,"href":"https:\/\/institutojoaodebarroal.org\/index.php\/wp-json\/wp\/v2\/media\/1922"}],"wp:attachment":[{"href":"https:\/\/institutojoaodebarroal.org\/index.php\/wp-json\/wp\/v2\/media?parent=1919"}],"wp:term":[{"taxonomy":"category","embeddable":true,"href":"https:\/\/institutojoaodebarroal.org\/index.php\/wp-json\/wp\/v2\/categories?post=1919"},{"taxonomy":"post_tag","embeddable":true,"href":"https:\/\/institutojoaodebarroal.org\/index.php\/wp-json\/wp\/v2\/tags?post=1919"}],"curies":[{"name":"wp","href":"https:\/\/api.w.org\/{rel}","templated":true}]}}