{"id":1913,"date":"2025-07-24T12:06:10","date_gmt":"2025-07-24T15:06:10","guid":{"rendered":"https:\/\/institutojoaodebarroal.org\/?p=1913"},"modified":"2025-07-24T17:55:58","modified_gmt":"2025-07-24T20:55:58","slug":"com-o-coracao-cheio-de-gratidao-recebemos-nossa-nova-van","status":"publish","type":"post","link":"https:\/\/institutojoaodebarroal.org\/index.php\/2025\/07\/24\/com-o-coracao-cheio-de-gratidao-recebemos-nossa-nova-van\/","title":{"rendered":"Com o Cora\u00e7\u00e3o Cheio de Gratid\u00e3o: Recebemos Nossa Nova Van!"},"content":{"rendered":"\n<h2 class=\"wp-block-heading\"><\/h2>\n\n\n\n<figure class=\"wp-block-video\"><video controls src=\"https:\/\/institutojoaodebarroal.org\/wp-content\/uploads\/2025\/07\/van.mp4\"><\/video><\/figure>\n\n\n\n<p><\/p>\n\n\n\n<p>Temos uma not\u00edcia maravilhosa para compartilhar com todos que acompanham e apoiam o Instituto Jo\u00e3o de Barro. Acabamos de receber uma nova van, que ser\u00e1 fundamental para ampliar o cuidado, o acolhimento e o alcance dos nossos projetos sociais.<\/p>\n\n\n\n<p>A entrega aconteceu em um momento especial, com a presen\u00e7a do prefeito de Arapiraca, Luciano Barbosa, e do deputado federal Daniel Barbosa, que viabilizou essa importante conquista por meio de uma parceria com a Codevasf (Companhia de Desenvolvimento dos Vales do S\u00e3o Francisco e do Parna\u00edba).<\/p>\n\n\n\n<p>A chegada da van representa muito para n\u00f3s. Ela n\u00e3o ser\u00e1 apenas um meio de transporte, mas um instrumento de transforma\u00e7\u00e3o. Com ela, poderemos oferecer mais seguran\u00e7a, conforto e acesso \u00e0s crian\u00e7as, adolescentes, jovens e fam\u00edlias que participam dos nossos projetos, como o Viagem Liter\u00e1ria, Cidadania no Tatame, Ballet Jo\u00e3o de Barro, Sa\u00fade Solid\u00e1ria, entre tantos outros que fazem parte do nosso dia a dia.<\/p>\n\n\n\n<p>Esse apoio fortalece o nosso trabalho e nos mostra que estamos no caminho certo. Por isso, registramos aqui o nosso sincero agradecimento ao deputado federal Daniel Barbosa, que acreditou na nossa miss\u00e3o e fez essa conquista acontecer. Tamb\u00e9m agradecemos \u00e0 Prefeitura de Arapiraca, parceira constante da nossa caminhada.<\/p>\n\n\n\n<p>Seguimos firmes no prop\u00f3sito de transformar vidas por meio da educa\u00e7\u00e3o, da cultura, da sa\u00fade e da inclus\u00e3o social. Agora, com mais estrutura para levar nossas a\u00e7\u00f5es ainda mais longe.<\/p>\n\n\n\n<p>Muito obrigado a todos que fazem parte dessa hist\u00f3ria. Juntos, somos mais fortes.<\/p>\n","protected":false},"excerpt":{"rendered":"<p>Temos uma not\u00edcia maravilhosa para compartilhar com todos que acompanham e apoiam o Instituto Jo\u00e3o de Barro. Acabamos de receber uma nova van, que ser\u00e1 fundamental para ampliar o cuidado, o acolhimento e o alcance dos nossos projetos sociais. A entrega aconteceu em um momento especial, com a presen\u00e7a do prefeito de Arapiraca, Luciano Barbosa, &hellip;<\/p>\n<p class=\"read-more\"> <a class=\"\" href=\"https:\/\/institutojoaodebarroal.org\/index.php\/2025\/07\/24\/com-o-coracao-cheio-de-gratidao-recebemos-nossa-nova-van\/\"> <span class=\"screen-reader-text\">Com o Cora\u00e7\u00e3o Cheio de Gratid\u00e3o: Recebemos Nossa Nova Van!<\/span> Leia mais &raquo;<\/a><\/p>\n","protected":false},"author":1,"featured_media":1917,"comment_status":"open","ping_status":"open","sticky":false,"template":"","format":"standard","meta":{"site-sidebar-layout":"default","site-content-layout":"default","ast-global-header-display":"","ast-main-header-display":"","ast-hfb-above-header-display":"","ast-hfb-below-header-display":"","ast-hfb-mobile-header-display":"","site-post-title":"","ast-breadcrumbs-content":"","ast-featured-img":"disabled","footer-sml-layout":"","theme-transparent-header-meta":"","adv-header-id-meta":"","stick-header-meta":"","header-above-stick-meta":"","header-main-stick-meta":"","header-below-stick-meta":"","footnotes":""},"categories":[1],"tags":[],"jetpack_featured_media_url":"https:\/\/institutojoaodebarroal.org\/wp-content\/uploads\/2025\/07\/Captura-de-Tela-2025-07-24-as-12.01.02-e1753369549266.png","_links":{"self":[{"href":"https:\/\/institutojoaodebarroal.org\/index.php\/wp-json\/wp\/v2\/posts\/1913"}],"collection":[{"href":"https:\/\/institutojoaodebarroal.org\/index.php\/wp-json\/wp\/v2\/posts"}],"about":[{"href":"https:\/\/institutojoaodebarroal.org\/index.php\/wp-json\/wp\/v2\/types\/post"}],"author":[{"embeddable":true,"href":"https:\/\/institutojoaodebarroal.org\/index.php\/wp-json\/wp\/v2\/users\/1"}],"replies":[{"embeddable":true,"href":"https:\/\/institutojoaodebarroal.org\/index.php\/wp-json\/wp\/v2\/comments?post=1913"}],"version-history":[{"count":4,"href":"https:\/\/institutojoaodebarroal.org\/index.php\/wp-json\/wp\/v2\/posts\/1913\/revisions"}],"predecessor-version":[{"id":1925,"href":"https:\/\/institutojoaodebarroal.org\/index.php\/wp-json\/wp\/v2\/posts\/1913\/revisions\/1925"}],"wp:featuredmedia":[{"embeddable":true,"href":"https:\/\/institutojoaodebarroal.org\/index.php\/wp-json\/wp\/v2\/media\/1917"}],"wp:attachment":[{"href":"https:\/\/institutojoaodebarroal.org\/index.php\/wp-json\/wp\/v2\/media?parent=1913"}],"wp:term":[{"taxonomy":"category","embeddable":true,"href":"https:\/\/institutojoaodebarroal.org\/index.php\/wp-json\/wp\/v2\/categories?post=1913"},{"taxonomy":"post_tag","embeddable":true,"href":"https:\/\/institutojoaodebarroal.org\/index.php\/wp-json\/wp\/v2\/tags?post=1913"}],"curies":[{"name":"wp","href":"https:\/\/api.w.org\/{rel}","templated":true}]}}