{"id":1729,"date":"2025-05-20T22:23:33","date_gmt":"2025-05-21T01:23:33","guid":{"rendered":"https:\/\/institutojoaodebarroal.org\/?p=1729"},"modified":"2025-05-20T22:34:30","modified_gmt":"2025-05-21T01:34:30","slug":"palavras-que-voam-um-encontro-magico-com-a-literatura-a-imaginacao-e-a-inclusao","status":"publish","type":"post","link":"https:\/\/institutojoaodebarroal.org\/index.php\/2025\/05\/20\/palavras-que-voam-um-encontro-magico-com-a-literatura-a-imaginacao-e-a-inclusao\/","title":{"rendered":"Palavras que Voam: um encontro m\u00e1gico com a literatura, a imagina\u00e7\u00e3o e a inclus\u00e3o"},"content":{"rendered":"\n<h3 class=\"wp-block-heading\"><\/h3>\n\n\n\n<p>Na \u00faltima quinta-feira, vivemos um momento encantador com o in\u00edcio do projeto <strong>\u201cPalavras que Voam\u201d<\/strong>, realizado com o apoio da <strong>Lei Paulo Gustavo<\/strong>. Foi o come\u00e7o de uma jornada inesquec\u00edvel, onde a fantasia e a educa\u00e7\u00e3o caminharam juntas, tocando o cora\u00e7\u00e3o de muitas crian\u00e7as.<\/p>\n\n\n\n<p>Diretamente do S\u00edtio do Pica-Pau Amarelo, os personagens <strong>Visconde de Sabugosa<\/strong> e <strong>Em\u00edlia<\/strong> ganharam vida e embarcaram em uma aventura de conta\u00e7\u00e3o de hist\u00f3rias cheia de cor, imagina\u00e7\u00e3o e aprendizado. Interpretados pelos nossos colaboradores e pedagogos <strong>Leandro e Hild\u00eania<\/strong>, que se caracterizaram especialmente para a ocasi\u00e3o, os personagens despertaram encantamento por onde passaram, envolvendo as crian\u00e7as em cada gesto, fala e emo\u00e7\u00e3o.<\/p>\n\n\n\n<figure class=\"wp-block-image aligncenter size-large\"><img loading=\"lazy\" decoding=\"async\" width=\"1024\" height=\"769\" src=\"https:\/\/institutojoaodebarroal.org\/wp-content\/uploads\/2025\/05\/WhatsApp-Image-2025-05-20-at-21.05.26-1-1024x769.jpeg\" alt=\"\" class=\"wp-image-1733\" srcset=\"https:\/\/institutojoaodebarroal.org\/wp-content\/uploads\/2025\/05\/WhatsApp-Image-2025-05-20-at-21.05.26-1-1024x769.jpeg 1024w, https:\/\/institutojoaodebarroal.org\/wp-content\/uploads\/2025\/05\/WhatsApp-Image-2025-05-20-at-21.05.26-1-300x225.jpeg 300w, https:\/\/institutojoaodebarroal.org\/wp-content\/uploads\/2025\/05\/WhatsApp-Image-2025-05-20-at-21.05.26-1-768x577.jpeg 768w, https:\/\/institutojoaodebarroal.org\/wp-content\/uploads\/2025\/05\/WhatsApp-Image-2025-05-20-at-21.05.26-1-1536x1153.jpeg 1536w, https:\/\/institutojoaodebarroal.org\/wp-content\/uploads\/2025\/05\/WhatsApp-Image-2025-05-20-at-21.05.26-1-2048x1538.jpeg 2048w, https:\/\/institutojoaodebarroal.org\/wp-content\/uploads\/2025\/05\/WhatsApp-Image-2025-05-20-at-21.05.26-1-600x451.jpeg 600w\" sizes=\"(max-width: 1024px) 100vw, 1024px\" \/><\/figure>\n\n\n\n<p>Essa primeira etapa do projeto percorreu seis espa\u00e7os educativos e sociais:<\/p>\n\n\n\n<ul>\n<li>Instituto Jo\u00e3o de Barro (Unidade B\u00e1lsamo e Pau d\u2019Arco)<\/li>\n\n\n\n<li>Escola Louren\u00e7o de Almeida<\/li>\n\n\n\n<li>Creche Pedro Bento<\/li>\n\n\n\n<li>Escola Luiz Alberto de Melo<\/li>\n\n\n\n<li>Escola Maria Pastoura<\/li>\n<\/ul>\n\n\n\n<p>Durante as apresenta\u00e7\u00f5es, temas importantes foram trabalhados de forma leve e l\u00fadica. Falamos sobre <strong>diversidade<\/strong>, <strong>educa\u00e7\u00e3o no tr\u00e2nsito<\/strong>, em alus\u00e3o \u00e0 campanha <strong>Maio Amarelo<\/strong>, e celebramos o <strong>Dia do Livro<\/strong>, tudo isso inspirado nas hist\u00f3rias do inesquec\u00edvel <strong>Monteiro Lobato<\/strong>. A rea\u00e7\u00e3o das crian\u00e7as foi emocionante \u2014 elas mergulharam nesse universo liter\u00e1rio, interagiram com os personagens e refletiram sobre quest\u00f5es significativas, enquanto se divertiam e aprendiam.<\/p>\n\n\n\n<p>Um ponto de destaque do projeto \u00e9 o seu compromisso com a <strong>inclus\u00e3o<\/strong>. Todas as apresenta\u00e7\u00f5es contaram com a presen\u00e7a de <strong>int\u00e9rprete de Libras<\/strong>, garantindo que o p\u00fablico surdo tamb\u00e9m participasse plenamente da experi\u00eancia. Para n\u00f3s, isso \u00e9 essencial: toda crian\u00e7a tem o direito de sonhar, aprender e se sentir parte da hist\u00f3ria.<\/p>\n\n\n\n<figure class=\"wp-block-image aligncenter size-large\"><img loading=\"lazy\" decoding=\"async\" width=\"769\" height=\"1024\" src=\"https:\/\/institutojoaodebarroal.org\/wp-content\/uploads\/2025\/05\/WhatsApp-Image-2025-05-20-at-21.05.25-2-769x1024.jpeg\" alt=\"\" class=\"wp-image-1734\" srcset=\"https:\/\/institutojoaodebarroal.org\/wp-content\/uploads\/2025\/05\/WhatsApp-Image-2025-05-20-at-21.05.25-2-769x1024.jpeg 769w, https:\/\/institutojoaodebarroal.org\/wp-content\/uploads\/2025\/05\/WhatsApp-Image-2025-05-20-at-21.05.25-2-225x300.jpeg 225w, https:\/\/institutojoaodebarroal.org\/wp-content\/uploads\/2025\/05\/WhatsApp-Image-2025-05-20-at-21.05.25-2-768x1023.jpeg 768w, https:\/\/institutojoaodebarroal.org\/wp-content\/uploads\/2025\/05\/WhatsApp-Image-2025-05-20-at-21.05.25-2-1153x1536.jpeg 1153w, https:\/\/institutojoaodebarroal.org\/wp-content\/uploads\/2025\/05\/WhatsApp-Image-2025-05-20-at-21.05.25-2-1538x2048.jpeg 1538w, https:\/\/institutojoaodebarroal.org\/wp-content\/uploads\/2025\/05\/WhatsApp-Image-2025-05-20-at-21.05.25-2-600x799.jpeg 600w, https:\/\/institutojoaodebarroal.org\/wp-content\/uploads\/2025\/05\/WhatsApp-Image-2025-05-20-at-21.05.25-2-scaled.jpeg 1922w\" sizes=\"(max-width: 769px) 100vw, 769px\" \/><\/figure>\n\n\n\n<p>E essa foi s\u00f3 a primeira parada. Muitas p\u00e1ginas ainda ser\u00e3o escritas, com novos encontros, novas hist\u00f3rias e novas oportunidades de aprendizado. Que \u201cPalavras que Voam\u201d continue espalhando encantamento, promovendo reflex\u00f5es e fortalecendo os la\u00e7os entre literatura, educa\u00e7\u00e3o e cidadania.<\/p>\n\n\n\n<figure class=\"wp-block-image size-large\"><img loading=\"lazy\" decoding=\"async\" width=\"1024\" height=\"420\" src=\"https:\/\/institutojoaodebarroal.org\/wp-content\/uploads\/2025\/05\/WhatsApp-Image-2025-05-20-at-21.05.26-4-e1747791259805-1024x420.jpeg\" alt=\"\" class=\"wp-image-1735\" srcset=\"https:\/\/institutojoaodebarroal.org\/wp-content\/uploads\/2025\/05\/WhatsApp-Image-2025-05-20-at-21.05.26-4-e1747791259805-1024x420.jpeg 1024w, https:\/\/institutojoaodebarroal.org\/wp-content\/uploads\/2025\/05\/WhatsApp-Image-2025-05-20-at-21.05.26-4-e1747791259805-300x123.jpeg 300w, https:\/\/institutojoaodebarroal.org\/wp-content\/uploads\/2025\/05\/WhatsApp-Image-2025-05-20-at-21.05.26-4-e1747791259805-768x315.jpeg 768w, https:\/\/institutojoaodebarroal.org\/wp-content\/uploads\/2025\/05\/WhatsApp-Image-2025-05-20-at-21.05.26-4-e1747791259805-1536x630.jpeg 1536w, https:\/\/institutojoaodebarroal.org\/wp-content\/uploads\/2025\/05\/WhatsApp-Image-2025-05-20-at-21.05.26-4-e1747791259805-600x246.jpeg 600w, https:\/\/institutojoaodebarroal.org\/wp-content\/uploads\/2025\/05\/WhatsApp-Image-2025-05-20-at-21.05.26-4-e1747791259805.jpeg 1581w\" sizes=\"(max-width: 1024px) 100vw, 1024px\" \/><\/figure>\n\n\n\n<p>Fique por dentro das pr\u00f3ximas etapas do projeto e acompanhe as a\u00e7\u00f5es do Instituto Jo\u00e3o de Barro por aqui e pelas nossas redes sociais. Seguimos juntos, transformando vidas com hist\u00f3rias que inspiram e voam cada vez mais alto.<\/p>\n","protected":false},"excerpt":{"rendered":"<p>Na \u00faltima quinta-feira, vivemos um momento encantador com o in\u00edcio do projeto \u201cPalavras que Voam\u201d, realizado com o apoio da Lei Paulo Gustavo. Foi o come\u00e7o de uma jornada inesquec\u00edvel, onde a fantasia e a educa\u00e7\u00e3o caminharam juntas, tocando o cora\u00e7\u00e3o de muitas crian\u00e7as. Diretamente do S\u00edtio do Pica-Pau Amarelo, os personagens Visconde de Sabugosa &hellip;<\/p>\n<p class=\"read-more\"> <a class=\"\" href=\"https:\/\/institutojoaodebarroal.org\/index.php\/2025\/05\/20\/palavras-que-voam-um-encontro-magico-com-a-literatura-a-imaginacao-e-a-inclusao\/\"> <span class=\"screen-reader-text\">Palavras que Voam: um encontro m\u00e1gico com a literatura, a imagina\u00e7\u00e3o e a inclus\u00e3o<\/span> Leia mais &raquo;<\/a><\/p>\n","protected":false},"author":1,"featured_media":1731,"comment_status":"open","ping_status":"open","sticky":false,"template":"","format":"standard","meta":{"site-sidebar-layout":"default","site-content-layout":"default","ast-global-header-display":"","ast-main-header-display":"","ast-hfb-above-header-display":"","ast-hfb-below-header-display":"","ast-hfb-mobile-header-display":"","site-post-title":"","ast-breadcrumbs-content":"","ast-featured-img":"","footer-sml-layout":"","theme-transparent-header-meta":"","adv-header-id-meta":"","stick-header-meta":"","header-above-stick-meta":"","header-main-stick-meta":"","header-below-stick-meta":"","footnotes":""},"categories":[1],"tags":[],"jetpack_featured_media_url":"https:\/\/institutojoaodebarroal.org\/wp-content\/uploads\/2025\/05\/WhatsApp-Image-2025-05-20-at-21.05.27-e1747790522113.jpeg","_links":{"self":[{"href":"https:\/\/institutojoaodebarroal.org\/index.php\/wp-json\/wp\/v2\/posts\/1729"}],"collection":[{"href":"https:\/\/institutojoaodebarroal.org\/index.php\/wp-json\/wp\/v2\/posts"}],"about":[{"href":"https:\/\/institutojoaodebarroal.org\/index.php\/wp-json\/wp\/v2\/types\/post"}],"author":[{"embeddable":true,"href":"https:\/\/institutojoaodebarroal.org\/index.php\/wp-json\/wp\/v2\/users\/1"}],"replies":[{"embeddable":true,"href":"https:\/\/institutojoaodebarroal.org\/index.php\/wp-json\/wp\/v2\/comments?post=1729"}],"version-history":[{"count":3,"href":"https:\/\/institutojoaodebarroal.org\/index.php\/wp-json\/wp\/v2\/posts\/1729\/revisions"}],"predecessor-version":[{"id":1736,"href":"https:\/\/institutojoaodebarroal.org\/index.php\/wp-json\/wp\/v2\/posts\/1729\/revisions\/1736"}],"wp:featuredmedia":[{"embeddable":true,"href":"https:\/\/institutojoaodebarroal.org\/index.php\/wp-json\/wp\/v2\/media\/1731"}],"wp:attachment":[{"href":"https:\/\/institutojoaodebarroal.org\/index.php\/wp-json\/wp\/v2\/media?parent=1729"}],"wp:term":[{"taxonomy":"category","embeddable":true,"href":"https:\/\/institutojoaodebarroal.org\/index.php\/wp-json\/wp\/v2\/categories?post=1729"},{"taxonomy":"post_tag","embeddable":true,"href":"https:\/\/institutojoaodebarroal.org\/index.php\/wp-json\/wp\/v2\/tags?post=1729"}],"curies":[{"name":"wp","href":"https:\/\/api.w.org\/{rel}","templated":true}]}}