{"id":1722,"date":"2025-05-20T20:50:26","date_gmt":"2025-05-20T23:50:26","guid":{"rendered":"https:\/\/institutojoaodebarroal.org\/?p=1722"},"modified":"2025-05-20T22:52:50","modified_gmt":"2025-05-21T01:52:50","slug":"maio-laranja-no-instituto-joao-de-barro-porque-proteger-e-um-ato-de-amor","status":"publish","type":"post","link":"https:\/\/institutojoaodebarroal.org\/index.php\/2025\/05\/20\/maio-laranja-no-instituto-joao-de-barro-porque-proteger-e-um-ato-de-amor\/","title":{"rendered":"Maio Laranja no Instituto Jo\u00e3o de Barro: Porque Proteger \u00e9 um Ato de Amor"},"content":{"rendered":"\n<h2 class=\"wp-block-heading\"><\/h2>\n\n\n\n<p>O m\u00eas de maio traz consigo uma das campanhas mais importantes do calend\u00e1rio nacional: o <strong>Maio Laranja<\/strong>, que marca a luta contra o abuso e a explora\u00e7\u00e3o sexual de crian\u00e7as e adolescentes. No Instituto Jo\u00e3o de Barro, essa luta foi vivida com seriedade, cuidado e, principalmente, com a\u00e7\u00f5es que refor\u00e7am a import\u00e2ncia da <strong>escuta, do acolhimento e da prote\u00e7\u00e3o<\/strong>.<\/p>\n\n\n\n<p>O <strong>18 de maio<\/strong>, Dia Nacional de Combate ao Abuso e \u00e0 Explora\u00e7\u00e3o Sexual de Crian\u00e7as e Adolescentes, foi criado em mem\u00f3ria da menina <strong>Araceli Cabrera Crespo<\/strong>, de apenas 8 anos, que teve sua inf\u00e2ncia interrompida por um crime brutal em 1973. Desde ent\u00e3o, essa data se tornou s\u00edmbolo da luta pelos direitos de crian\u00e7as e adolescentes \u00e0 seguran\u00e7a e dignidade. A flor amarela, s\u00edmbolo da campanha, representa a inf\u00e2ncia, a delicadeza e a necessidade de cuidado.<\/p>\n\n\n\n<h3 class=\"wp-block-heading\">A\u00e7\u00f5es nas Unidades Pau d\u2019Arco e B\u00e1lsamo<\/h3>\n\n\n\n<p>Nas unidades <strong>Pau d\u2019Arco<\/strong> e <strong>B\u00e1lsamo<\/strong>, os educadores e t\u00e9cnicos do Instituto trouxeram o tema para a rotina das crian\u00e7as e adolescentes. Com abordagens sens\u00edveis e adaptadas \u00e0s diferentes faixas et\u00e1rias, falaram sobre direitos, confian\u00e7a, limites e a import\u00e2ncia de sempre pedir ajuda quando algo n\u00e3o estiver certo.<\/p>\n\n\n\n<p>Cada t\u00e9cnico encontrou sua maneira de conduzir o tema, respeitando o tempo e o espa\u00e7o de cada grupo. Mais do que uma campanha, o Maio Laranja foi uma oportunidade de construir, com as crian\u00e7as, um espa\u00e7o seguro para aprenderem sobre si mesmas e sobre o mundo ao redor.<\/p>\n\n\n\n<figure class=\"wp-block-video aligncenter\"><video controls src=\"https:\/\/institutojoaodebarroal.org\/wp-content\/uploads\/2025\/05\/Video-by-institutojoaodebarroal-insta-2.mp4\"><\/video><\/figure>\n\n\n\n<h3 class=\"wp-block-heading\">Representatividade e Voz no SEST\/SENAT<\/h3>\n\n\n\n<p>O psicopedagogo <strong>Leandro Oliveira<\/strong>, que integra a equipe do Instituto Jo\u00e3o de Barro, representou a institui\u00e7\u00e3o em um evento promovido pelo <strong>SEST\/SENAT<\/strong>, voltado \u00e0 conscientiza\u00e7\u00e3o e mobiliza\u00e7\u00e3o sobre o Maio Laranja.<\/p>\n\n\n\n<p>Durante sua participa\u00e7\u00e3o, Leandro destacou que <strong>falar sobre preven\u00e7\u00e3o \u00e9 t\u00e3o necess\u00e1rio quanto agir com cuidado e escuta<\/strong>. Ele refor\u00e7ou que \u201ca luta contra o abuso e a explora\u00e7\u00e3o de crian\u00e7as e adolescentes \u00e9 de todos n\u00f3s\u201d e que o caminho da prote\u00e7\u00e3o come\u00e7a pela informa\u00e7\u00e3o e pelo compromisso de cada um.<\/p>\n\n\n\n<figure class=\"wp-block-image aligncenter size-full\"><img loading=\"lazy\" decoding=\"async\" width=\"750\" height=\"938\" src=\"https:\/\/institutojoaodebarroal.org\/wp-content\/uploads\/2025\/05\/499513861_18291218122247126_2085287286128788217_n.jpg\" alt=\"\" class=\"wp-image-1726\" srcset=\"https:\/\/institutojoaodebarroal.org\/wp-content\/uploads\/2025\/05\/499513861_18291218122247126_2085287286128788217_n.jpg 750w, https:\/\/institutojoaodebarroal.org\/wp-content\/uploads\/2025\/05\/499513861_18291218122247126_2085287286128788217_n-240x300.jpg 240w, https:\/\/institutojoaodebarroal.org\/wp-content\/uploads\/2025\/05\/499513861_18291218122247126_2085287286128788217_n-600x750.jpg 600w\" sizes=\"(max-width: 750px) 100vw, 750px\" \/><\/figure>\n\n\n\n<h3 class=\"wp-block-heading\">Acolhimento e Escuta no Povoado Ing\u00e1 (Junqueiro)<\/h3>\n\n\n\n<p>Agora tamb\u00e9m com atua\u00e7\u00e3o no munic\u00edpio de <strong>Junqueiro<\/strong>, o Instituto Jo\u00e3o de Barro realizou, no povoado <strong>Ing\u00e1<\/strong>, momentos especiais com os grupos do <strong>Servi\u00e7o de Conviv\u00eancia e Fortalecimento de V\u00ednculos (SCFV)<\/strong>.<\/p>\n\n\n\n<p>As atividades foram voltadas \u00e0 <strong>escuta, acolhimento e di\u00e1logo com as crian\u00e7as e adolescentes<\/strong>, promovendo reflex\u00f5es sobre autocuidado, confian\u00e7a e respeito. Essas a\u00e7\u00f5es refor\u00e7am a miss\u00e3o do Instituto de estar presente onde h\u00e1 vulnerabilidade, oferecendo mais do que servi\u00e7os: oferecendo presen\u00e7a, afeto e compromisso com a inf\u00e2ncia.<\/p>\n\n\n\n<figure class=\"wp-block-video\"><video controls src=\"https:\/\/institutojoaodebarroal.org\/wp-content\/uploads\/2025\/05\/Video-by-institutojoaodebarroal-insta-3.mp4\"><\/video><\/figure>\n\n\n\n<hr class=\"wp-block-separator has-alpha-channel-opacity\"\/>\n\n\n\n<h3 class=\"wp-block-heading\">Falar \u00e9 Proteger. Ouvir \u00e9 Cuidar. Agir \u00e9 Amar.<\/h3>\n\n\n\n<p>O Maio Laranja \u00e9 um lembrete de que <strong>toda crian\u00e7a e adolescente tem o direito de crescer com seguran\u00e7a, afeto e respeito<\/strong>. No Instituto Jo\u00e3o de Barro, acreditamos que a transforma\u00e7\u00e3o come\u00e7a com a escuta atenta, o acolhimento verdadeiro e o compromisso coletivo.<\/p>\n\n\n\n<p>Vamos juntos fortalecer essa rede de prote\u00e7\u00e3o.<br><strong>Denuncie. Apoie. Participe.<\/strong><\/p>\n","protected":false},"excerpt":{"rendered":"<p>O m\u00eas de maio traz consigo uma das campanhas mais importantes do calend\u00e1rio nacional: o Maio Laranja, que marca a luta contra o abuso e a explora\u00e7\u00e3o sexual de crian\u00e7as e adolescentes. No Instituto Jo\u00e3o de Barro, essa luta foi vivida com seriedade, cuidado e, principalmente, com a\u00e7\u00f5es que refor\u00e7am a import\u00e2ncia da escuta, do &hellip;<\/p>\n<p class=\"read-more\"> <a class=\"\" href=\"https:\/\/institutojoaodebarroal.org\/index.php\/2025\/05\/20\/maio-laranja-no-instituto-joao-de-barro-porque-proteger-e-um-ato-de-amor\/\"> <span class=\"screen-reader-text\">Maio Laranja no Instituto Jo\u00e3o de Barro: Porque Proteger \u00e9 um Ato de Amor<\/span> Leia mais &raquo;<\/a><\/p>\n","protected":false},"author":1,"featured_media":1726,"comment_status":"open","ping_status":"open","sticky":false,"template":"","format":"standard","meta":{"site-sidebar-layout":"default","site-content-layout":"default","ast-global-header-display":"","ast-main-header-display":"","ast-hfb-above-header-display":"","ast-hfb-below-header-display":"","ast-hfb-mobile-header-display":"","site-post-title":"","ast-breadcrumbs-content":"","ast-featured-img":"disabled","footer-sml-layout":"","theme-transparent-header-meta":"","adv-header-id-meta":"","stick-header-meta":"","header-above-stick-meta":"","header-main-stick-meta":"","header-below-stick-meta":"","footnotes":""},"categories":[1],"tags":[],"jetpack_featured_media_url":"https:\/\/institutojoaodebarroal.org\/wp-content\/uploads\/2025\/05\/499513861_18291218122247126_2085287286128788217_n.jpg","_links":{"self":[{"href":"https:\/\/institutojoaodebarroal.org\/index.php\/wp-json\/wp\/v2\/posts\/1722"}],"collection":[{"href":"https:\/\/institutojoaodebarroal.org\/index.php\/wp-json\/wp\/v2\/posts"}],"about":[{"href":"https:\/\/institutojoaodebarroal.org\/index.php\/wp-json\/wp\/v2\/types\/post"}],"author":[{"embeddable":true,"href":"https:\/\/institutojoaodebarroal.org\/index.php\/wp-json\/wp\/v2\/users\/1"}],"replies":[{"embeddable":true,"href":"https:\/\/institutojoaodebarroal.org\/index.php\/wp-json\/wp\/v2\/comments?post=1722"}],"version-history":[{"count":4,"href":"https:\/\/institutojoaodebarroal.org\/index.php\/wp-json\/wp\/v2\/posts\/1722\/revisions"}],"predecessor-version":[{"id":1737,"href":"https:\/\/institutojoaodebarroal.org\/index.php\/wp-json\/wp\/v2\/posts\/1722\/revisions\/1737"}],"wp:featuredmedia":[{"embeddable":true,"href":"https:\/\/institutojoaodebarroal.org\/index.php\/wp-json\/wp\/v2\/media\/1726"}],"wp:attachment":[{"href":"https:\/\/institutojoaodebarroal.org\/index.php\/wp-json\/wp\/v2\/media?parent=1722"}],"wp:term":[{"taxonomy":"category","embeddable":true,"href":"https:\/\/institutojoaodebarroal.org\/index.php\/wp-json\/wp\/v2\/categories?post=1722"},{"taxonomy":"post_tag","embeddable":true,"href":"https:\/\/institutojoaodebarroal.org\/index.php\/wp-json\/wp\/v2\/tags?post=1722"}],"curies":[{"name":"wp","href":"https:\/\/api.w.org\/{rel}","templated":true}]}}