{"id":1710,"date":"2025-05-19T09:19:07","date_gmt":"2025-05-19T12:19:07","guid":{"rendered":"https:\/\/institutojoaodebarroal.org\/?p=1710"},"modified":"2025-05-19T09:19:07","modified_gmt":"2025-05-19T12:19:07","slug":"parceria-pelo-bem-da-comunidade-feirinha-organica-beneficia-130-familias-em-pau-darco","status":"publish","type":"post","link":"https:\/\/institutojoaodebarroal.org\/index.php\/2025\/05\/19\/parceria-pelo-bem-da-comunidade-feirinha-organica-beneficia-130-familias-em-pau-darco\/","title":{"rendered":"Parceria pelo Bem da Comunidade: Feirinha Org\u00e2nica beneficia 130 fam\u00edlias em Pau d\u2019Arco"},"content":{"rendered":"\n<h2 class=\"wp-block-heading\"><\/h2>\n\n\n\n<p>Foi com muita alegria que o Instituto Jo\u00e3o de Barro, em parceria com a Agreste Saneamentos, realizou mais uma a\u00e7\u00e3o especial voltada ao cuidado com as fam\u00edlias da nossa comunidade. A <strong>Feirinha Org\u00e2nica<\/strong>, realizada na sede do Instituto, no povoado Pau d\u2019Arco, beneficiou <strong>130 fam\u00edlias<\/strong> das unidades Pau d\u2019Arco e B\u00e1lsamo, levando alimentos saud\u00e1veis e fresquinhos para a mesa de quem mais precisa.<\/p>\n\n\n\n<h3 class=\"wp-block-heading\">Cuidar de quem precisa \u00e9 nossa miss\u00e3o<\/h3>\n\n\n\n<p>A Feirinha foi organizada com muito carinho e teve como principal objetivo oferecer alimentos livres de agrot\u00f3xicos para as fam\u00edlias atendidas pelos nossos projetos sociais. A ideia \u00e9 simples, mas poderosa.<\/p>\n\n\n\n<p>Para muitas dessas fam\u00edlias, essa a\u00e7\u00e3o representa mais do que uma feira \u2014 \u00e9 acolhimento, respeito e dignidade.<\/p>\n\n\n\n<figure class=\"wp-block-image aligncenter size-large\"><img loading=\"lazy\" decoding=\"async\" width=\"838\" height=\"1024\" src=\"https:\/\/institutojoaodebarroal.org\/wp-content\/uploads\/2025\/05\/496797495_18290784883247126_2328410648741695553_n-838x1024.jpg\" alt=\"\" class=\"wp-image-1713\" srcset=\"https:\/\/institutojoaodebarroal.org\/wp-content\/uploads\/2025\/05\/496797495_18290784883247126_2328410648741695553_n-838x1024.jpg 838w, https:\/\/institutojoaodebarroal.org\/wp-content\/uploads\/2025\/05\/496797495_18290784883247126_2328410648741695553_n-245x300.jpg 245w, https:\/\/institutojoaodebarroal.org\/wp-content\/uploads\/2025\/05\/496797495_18290784883247126_2328410648741695553_n-768x939.jpg 768w, https:\/\/institutojoaodebarroal.org\/wp-content\/uploads\/2025\/05\/496797495_18290784883247126_2328410648741695553_n-600x733.jpg 600w, https:\/\/institutojoaodebarroal.org\/wp-content\/uploads\/2025\/05\/496797495_18290784883247126_2328410648741695553_n.jpg 1080w\" sizes=\"(max-width: 838px) 100vw, 838px\" \/><\/figure>\n\n\n\n<h3 class=\"wp-block-heading\">Quando h\u00e1 parceria, h\u00e1 transforma\u00e7\u00e3o<\/h3>\n\n\n\n<p>Essa iniciativa s\u00f3 foi poss\u00edvel gra\u00e7as ao apoio da Agreste Saneamentos, uma parceira comprometida com o bem-estar das comunidades. Juntos, mostramos que quando empresas e organiza\u00e7\u00f5es se unem pelo bem comum, os resultados chegam na vida real, no dia a dia das pessoas.<\/p>\n\n\n\n<p>Foi emocionante ver o sorriso das fam\u00edlias ao levarem para casa frutas, verduras e legumes cultivados com cuidado. Esses momentos nos lembram que estamos no caminho certo.<\/p>\n\n\n\n<h3 class=\"wp-block-heading\">Seguimos juntos<\/h3>\n\n\n\n<p>O Instituto Jo\u00e3o de Barro segue firme na miss\u00e3o de promover qualidade de vida por meio de a\u00e7\u00f5es concretas, como a Feirinha Org\u00e2nica. Seguimos acreditando que cuidar das pessoas \u00e9 o primeiro passo para transformar a realidade ao nosso redor.<\/p>\n\n\n\n<p>Agradecemos \u00e0 Agreste Saneamentos pela parceria e a todas as fam\u00edlias que participaram. E fica aqui o convite: se voc\u00ea tamb\u00e9m acredita na for\u00e7a da solidariedade e quer somar com a gente, entre em contato. Juntos, podemos fazer muito mais!<\/p>\n","protected":false},"excerpt":{"rendered":"<p>Foi com muita alegria que o Instituto Jo\u00e3o de Barro, em parceria com a Agreste Saneamentos, realizou mais uma a\u00e7\u00e3o especial voltada ao cuidado com as fam\u00edlias da nossa comunidade. A Feirinha Org\u00e2nica, realizada na sede do Instituto, no povoado Pau d\u2019Arco, beneficiou 130 fam\u00edlias das unidades Pau d\u2019Arco e B\u00e1lsamo, levando alimentos saud\u00e1veis e &hellip;<\/p>\n<p class=\"read-more\"> <a class=\"\" href=\"https:\/\/institutojoaodebarroal.org\/index.php\/2025\/05\/19\/parceria-pelo-bem-da-comunidade-feirinha-organica-beneficia-130-familias-em-pau-darco\/\"> <span class=\"screen-reader-text\">Parceria pelo Bem da Comunidade: Feirinha Org\u00e2nica beneficia 130 fam\u00edlias em Pau d\u2019Arco<\/span> Leia mais &raquo;<\/a><\/p>\n","protected":false},"author":1,"featured_media":1712,"comment_status":"open","ping_status":"open","sticky":false,"template":"","format":"standard","meta":{"site-sidebar-layout":"default","site-content-layout":"default","ast-global-header-display":"","ast-main-header-display":"","ast-hfb-above-header-display":"","ast-hfb-below-header-display":"","ast-hfb-mobile-header-display":"","site-post-title":"","ast-breadcrumbs-content":"","ast-featured-img":"","footer-sml-layout":"","theme-transparent-header-meta":"","adv-header-id-meta":"","stick-header-meta":"","header-above-stick-meta":"","header-main-stick-meta":"","header-below-stick-meta":"","footnotes":""},"categories":[1],"tags":[],"jetpack_featured_media_url":"https:\/\/institutojoaodebarroal.org\/wp-content\/uploads\/2025\/05\/497333931_18290784862247126_8908319729506879111_n.jpg","_links":{"self":[{"href":"https:\/\/institutojoaodebarroal.org\/index.php\/wp-json\/wp\/v2\/posts\/1710"}],"collection":[{"href":"https:\/\/institutojoaodebarroal.org\/index.php\/wp-json\/wp\/v2\/posts"}],"about":[{"href":"https:\/\/institutojoaodebarroal.org\/index.php\/wp-json\/wp\/v2\/types\/post"}],"author":[{"embeddable":true,"href":"https:\/\/institutojoaodebarroal.org\/index.php\/wp-json\/wp\/v2\/users\/1"}],"replies":[{"embeddable":true,"href":"https:\/\/institutojoaodebarroal.org\/index.php\/wp-json\/wp\/v2\/comments?post=1710"}],"version-history":[{"count":2,"href":"https:\/\/institutojoaodebarroal.org\/index.php\/wp-json\/wp\/v2\/posts\/1710\/revisions"}],"predecessor-version":[{"id":1714,"href":"https:\/\/institutojoaodebarroal.org\/index.php\/wp-json\/wp\/v2\/posts\/1710\/revisions\/1714"}],"wp:featuredmedia":[{"embeddable":true,"href":"https:\/\/institutojoaodebarroal.org\/index.php\/wp-json\/wp\/v2\/media\/1712"}],"wp:attachment":[{"href":"https:\/\/institutojoaodebarroal.org\/index.php\/wp-json\/wp\/v2\/media?parent=1710"}],"wp:term":[{"taxonomy":"category","embeddable":true,"href":"https:\/\/institutojoaodebarroal.org\/index.php\/wp-json\/wp\/v2\/categories?post=1710"},{"taxonomy":"post_tag","embeddable":true,"href":"https:\/\/institutojoaodebarroal.org\/index.php\/wp-json\/wp\/v2\/tags?post=1710"}],"curies":[{"name":"wp","href":"https:\/\/api.w.org\/{rel}","templated":true}]}}