{"id":1707,"date":"2025-05-19T06:47:49","date_gmt":"2025-05-19T09:47:49","guid":{"rendered":"https:\/\/institutojoaodebarroal.org\/?p=1707"},"modified":"2025-05-19T06:47:49","modified_gmt":"2025-05-19T09:47:49","slug":"instituto-joao-de-barro-recebe-visita-do-cmdca-na-unidade-de-junqueiro","status":"publish","type":"post","link":"https:\/\/institutojoaodebarroal.org\/index.php\/2025\/05\/19\/instituto-joao-de-barro-recebe-visita-do-cmdca-na-unidade-de-junqueiro\/","title":{"rendered":"Instituto Jo\u00e3o de Barro recebe visita do CMDCA na unidade de Junqueiro"},"content":{"rendered":"\n<h2 class=\"wp-block-heading\"><\/h2>\n\n\n\n<p>Nosso time do Instituto Jo\u00e3o de Barro em Junqueiro teve a honra de receber a visita dos membros do Conselho Municipal dos Direitos da Crian\u00e7a e do Adolescente (CMDCA). Essa visita teve um motivo muito especial: a an\u00e1lise do nosso pedido de inscri\u00e7\u00e3o junto ao Conselho, um passo essencial para seguir ampliando nosso trabalho na regi\u00e3o.<\/p>\n\n\n\n<p>Durante o encontro, os conselheiros puderam conhecer de perto a estrutura da unidade, entender como funcionam os projetos sociais desenvolvidos no local e, principalmente, perceber o impacto real que nossas a\u00e7\u00f5es t\u00eam gerado na vida das crian\u00e7as, adolescentes e fam\u00edlias atendidas.<\/p>\n\n\n\n<p>Apresentamos todos os documentos institucionais exigidos para a inscri\u00e7\u00e3o e tamb\u00e9m mostramos, com muito orgulho, os resultados e relatos que comprovam nosso compromisso com a promo\u00e7\u00e3o dos direitos das inf\u00e2ncias e juventudes.<\/p>\n\n\n\n<p>Estar devidamente inscrito no CMDCA \u00e9 muito mais do que cumprir uma exig\u00eancia legal \u2014 \u00e9 um reconhecimento importante da seriedade do nosso trabalho. Al\u00e9m disso, essa regulariza\u00e7\u00e3o nos permite acessar novos editais, firmar parcerias e seguir contribuindo com a rede de prote\u00e7\u00e3o \u00e0s crian\u00e7as e adolescentes, de forma transparente e alinhada com as pol\u00edticas p\u00fablicas do munic\u00edpio.<\/p>\n\n\n\n<p>Seguimos com o cora\u00e7\u00e3o cheio de gratid\u00e3o e com a certeza de que fortalecer esses la\u00e7os com o poder p\u00fablico e com os conselhos de direitos s\u00f3 refor\u00e7a o nosso prop\u00f3sito: transformar vidas por meio da educa\u00e7\u00e3o, da cultura, do esporte, da sa\u00fade e da assist\u00eancia social.<\/p>\n\n\n\n<p>Essa visita foi mais um passo importante nessa caminhada que seguimos trilhando juntos, com compromisso, respeito e muito amor ao que fazemos.<\/p>\n","protected":false},"excerpt":{"rendered":"<p>Nosso time do Instituto Jo\u00e3o de Barro em Junqueiro teve a honra de receber a visita dos membros do Conselho Municipal dos Direitos da Crian\u00e7a e do Adolescente (CMDCA). Essa visita teve um motivo muito especial: a an\u00e1lise do nosso pedido de inscri\u00e7\u00e3o junto ao Conselho, um passo essencial para seguir ampliando nosso trabalho na &hellip;<\/p>\n<p class=\"read-more\"> <a class=\"\" href=\"https:\/\/institutojoaodebarroal.org\/index.php\/2025\/05\/19\/instituto-joao-de-barro-recebe-visita-do-cmdca-na-unidade-de-junqueiro\/\"> <span class=\"screen-reader-text\">Instituto Jo\u00e3o de Barro recebe visita do CMDCA na unidade de Junqueiro<\/span> Leia mais &raquo;<\/a><\/p>\n","protected":false},"author":1,"featured_media":1709,"comment_status":"open","ping_status":"open","sticky":false,"template":"","format":"standard","meta":{"site-sidebar-layout":"default","site-content-layout":"default","ast-global-header-display":"","ast-main-header-display":"","ast-hfb-above-header-display":"","ast-hfb-below-header-display":"","ast-hfb-mobile-header-display":"","site-post-title":"","ast-breadcrumbs-content":"","ast-featured-img":"","footer-sml-layout":"","theme-transparent-header-meta":"","adv-header-id-meta":"","stick-header-meta":"","header-above-stick-meta":"","header-main-stick-meta":"","header-below-stick-meta":"","footnotes":""},"categories":[1],"tags":[],"jetpack_featured_media_url":"https:\/\/institutojoaodebarroal.org\/wp-content\/uploads\/2025\/05\/WhatsApp-Image-2025-05-19-at-06.46.30-scaled.jpeg","_links":{"self":[{"href":"https:\/\/institutojoaodebarroal.org\/index.php\/wp-json\/wp\/v2\/posts\/1707"}],"collection":[{"href":"https:\/\/institutojoaodebarroal.org\/index.php\/wp-json\/wp\/v2\/posts"}],"about":[{"href":"https:\/\/institutojoaodebarroal.org\/index.php\/wp-json\/wp\/v2\/types\/post"}],"author":[{"embeddable":true,"href":"https:\/\/institutojoaodebarroal.org\/index.php\/wp-json\/wp\/v2\/users\/1"}],"replies":[{"embeddable":true,"href":"https:\/\/institutojoaodebarroal.org\/index.php\/wp-json\/wp\/v2\/comments?post=1707"}],"version-history":[{"count":1,"href":"https:\/\/institutojoaodebarroal.org\/index.php\/wp-json\/wp\/v2\/posts\/1707\/revisions"}],"predecessor-version":[{"id":1708,"href":"https:\/\/institutojoaodebarroal.org\/index.php\/wp-json\/wp\/v2\/posts\/1707\/revisions\/1708"}],"wp:featuredmedia":[{"embeddable":true,"href":"https:\/\/institutojoaodebarroal.org\/index.php\/wp-json\/wp\/v2\/media\/1709"}],"wp:attachment":[{"href":"https:\/\/institutojoaodebarroal.org\/index.php\/wp-json\/wp\/v2\/media?parent=1707"}],"wp:term":[{"taxonomy":"category","embeddable":true,"href":"https:\/\/institutojoaodebarroal.org\/index.php\/wp-json\/wp\/v2\/categories?post=1707"},{"taxonomy":"post_tag","embeddable":true,"href":"https:\/\/institutojoaodebarroal.org\/index.php\/wp-json\/wp\/v2\/tags?post=1707"}],"curies":[{"name":"wp","href":"https:\/\/api.w.org\/{rel}","templated":true}]}}