{"id":1685,"date":"2025-05-08T23:33:01","date_gmt":"2025-05-09T02:33:01","guid":{"rendered":"https:\/\/institutojoaodebarroal.org\/?p=1685"},"modified":"2025-05-08T23:33:01","modified_gmt":"2025-05-09T02:33:01","slug":"instituto-joao-de-barro-10-anos-transformando-vidas-e-agora-tambem-em-brasilia","status":"publish","type":"post","link":"https:\/\/institutojoaodebarroal.org\/index.php\/2025\/05\/08\/instituto-joao-de-barro-10-anos-transformando-vidas-e-agora-tambem-em-brasilia\/","title":{"rendered":"Instituto Jo\u00e3o de Barro: 10 Anos Transformando Vidas e Agora Tamb\u00e9m em Bras\u00edlia!"},"content":{"rendered":"\n<h1 class=\"wp-block-heading\"><\/h1>\n\n\n\n<figure class=\"wp-block-video aligncenter\"><video controls src=\"https:\/\/institutojoaodebarroal.org\/wp-content\/uploads\/2025\/05\/AQOxh86vz96YYNwuk-PJAvwA9xNkKqxABI3sf1IyNN6tGflGVja8fU_RQ8VgagTvWSlBuxsNUMCusfsiQWtEQkw9I-d0LcrmFBI0pQA.mp4\"><\/video><\/figure>\n\n\n\n<p>H\u00e1 exatamente uma d\u00e9cada, nascia em Arapiraca, Alagoas, uma iniciativa movida por amor, esperan\u00e7a e a firme miss\u00e3o de transformar realidades: o Instituto Jo\u00e3o de Barro. Fundado em 15 de abril de 2015, o Instituto \u00e9 uma organiza\u00e7\u00e3o da sociedade civil sem fins lucrativos que tem impactado a vida de centenas de crian\u00e7as, adolescentes, jovens e suas fam\u00edlias em situa\u00e7\u00e3o de vulnerabilidade social.<\/p>\n\n\n\n<p>De l\u00e1 pra c\u00e1, a atua\u00e7\u00e3o da institui\u00e7\u00e3o cresceu, chegando a diversos munic\u00edpios alagoanos, sempre com um olhar atento \u00e0s necessidades sociais e promovendo a\u00e7\u00f5es que dialogam diretamente com os Objetivos de Desenvolvimento Sustent\u00e1vel (ODS) da ONU. Agora, com muito orgulho e entusiasmo, o Instituto Jo\u00e3o de Barro d\u00e1 mais um passo grandioso: a sua chegada em <strong>Bras\u00edlia-DF<\/strong>!<\/p>\n\n\n\n<h2 class=\"wp-block-heading\">Uma Hist\u00f3ria Constru\u00edda com Prop\u00f3sito<\/h2>\n\n\n\n<p>A trajet\u00f3ria do Instituto \u00e9 marcada por projetos sociais, educacionais, esportivos e culturais que unem metodologia, compromisso e sensibilidade. Entre os destaques est\u00e3o:<\/p>\n\n\n\n<ul>\n<li><strong>Projeto Viagem Liter\u00e1ria<\/strong>, que foi financiado pelo Crian\u00e7a Esperan\u00e7a durante 2 anos,  estimula a leitura e o desenvolvimento cognitivo e emocional de crian\u00e7as e adolescentes;<\/li>\n\n\n\n<li><strong>Projeto Cidadania no Tatame<\/strong>, voltado \u00e0 pr\u00e1tica do karat\u00ea, com resultados expressivos em campeonatos e no fortalecimento da disciplina e cidadania;<\/li>\n\n\n\n<li><strong>Projeto Ballet Jo\u00e3o de Barro<\/strong>, que proporciona \u00e0s alunas n\u00e3o apenas forma\u00e7\u00e3o art\u00edstica, mas tamb\u00e9m autoestima, incluindo hist\u00f3rias inspiradoras como a da bailarina com pr\u00f3tese;<\/li>\n\n\n\n<li><strong>Projeto Sa\u00fade Solid\u00e1ria<\/strong>, que oferece atendimentos m\u00e9dicos, psicol\u00f3gicos e psicopedag\u00f3gicos gratuitos;<\/li>\n\n\n\n<li><strong>Projeto Prato Cheio<\/strong>, com entrega de cestas b\u00e1sicas em parceria com o Programa de Aquisi\u00e7\u00e3o de Alimentos (PAA);<\/li>\n\n\n\n<li><strong>Projeto Joaninha-de-Barro<\/strong>, de fortalecimento feminino, com rodas de conversa e oficinas de gera\u00e7\u00e3o de renda;<\/li>\n\n\n\n<li><strong>Projeto Musical Teatral<\/strong>, que promove aulas de coral e teatro com crian\u00e7as e adolescentes, viabilizado por edital do CMDCA;<\/li>\n\n\n\n<li><strong>Projeto Aprendiz Jo\u00e3o de Barro<\/strong>, com cursos profissionalizantes e oficinas socioemocionais;<\/li>\n\n\n\n<li><strong>Fam\u00edlia em Foco<\/strong>, <strong>Futebol para Todos<\/strong> e outras iniciativas que ampliam o cuidado e a inclus\u00e3o de toda a comunidade assistida.<\/li>\n<\/ul>\n\n\n\n<h2 class=\"wp-block-heading\">Sustentabilidade e Expans\u00e3o<\/h2>\n\n\n\n<p>A sustentabilidade do Instituto se d\u00e1 por meio de parcerias com \u00f3rg\u00e3os p\u00fablicos e privados e por sua atua\u00e7\u00e3o como prestadora de servi\u00e7os para prefeituras. Essa vertente inclui forma\u00e7\u00f5es para profissionais da educa\u00e7\u00e3o e da assist\u00eancia social, al\u00e9m da elabora\u00e7\u00e3o de projetos habitacionais e oficinas profissionalizantes.<\/p>\n\n\n\n<p>O reconhecimento tamb\u00e9m veio em forma de pr\u00eamios: o Instituto foi eleito a melhor ONG de Arapiraca em 2022, o Projeto Viagem Liter\u00e1ria foi aprovado duas vezes pelo Crian\u00e7a Esperan\u00e7a, e sua fundadora recebeu o Pr\u00eamio Mulher Raiz por sua trajet\u00f3ria inspiradora.<\/p>\n\n\n\n<h2 class=\"wp-block-heading\">Bras\u00edlia: Uma Nova Jornada<\/h2>\n\n\n\n<p>Chegar \u00e0 capital do pa\u00eds representa mais do que um marco geogr\u00e1fico \u2014 \u00e9 a expans\u00e3o de uma miss\u00e3o, a amplia\u00e7\u00e3o de horizontes e o fortalecimento de um compromisso com o desenvolvimento humano.<\/p>\n\n\n\n<p>Bras\u00edlia receber\u00e1 toda a expertise, os valores e a sensibilidade que fizeram do Instituto Jo\u00e3o de Barro uma refer\u00eancia em Alagoas. A atua\u00e7\u00e3o no Distrito Federal j\u00e1 come\u00e7a com o mesmo entusiasmo de quem iniciou tudo h\u00e1 dez anos: com o cora\u00e7\u00e3o cheio de esperan\u00e7a e a certeza de que, com amor, parceria e dedica\u00e7\u00e3o, \u00e9 poss\u00edvel construir um mundo melhor.<\/p>\n\n\n\n<h2 class=\"wp-block-heading\">Gratid\u00e3o e Compromisso<\/h2>\n\n\n\n<p>A todos que caminham conosco, que acreditam em nosso trabalho e que fazem parte dessa hist\u00f3ria, o nosso mais profundo agradecimento. Seguimos juntos, agora tamb\u00e9m em Bras\u00edlia, levando adiante o nosso lema: <strong>\u201cA\u00e7\u00f5es para um mundo melhor.\u201d<\/strong><\/p>\n","protected":false},"excerpt":{"rendered":"<p>H\u00e1 exatamente uma d\u00e9cada, nascia em Arapiraca, Alagoas, uma iniciativa movida por amor, esperan\u00e7a e a firme miss\u00e3o de transformar realidades: o Instituto Jo\u00e3o de Barro. Fundado em 15 de abril de 2015, o Instituto \u00e9 uma organiza\u00e7\u00e3o da sociedade civil sem fins lucrativos que tem impactado a vida de centenas de crian\u00e7as, adolescentes, jovens &hellip;<\/p>\n<p class=\"read-more\"> <a class=\"\" href=\"https:\/\/institutojoaodebarroal.org\/index.php\/2025\/05\/08\/instituto-joao-de-barro-10-anos-transformando-vidas-e-agora-tambem-em-brasilia\/\"> <span class=\"screen-reader-text\">Instituto Jo\u00e3o de Barro: 10 Anos Transformando Vidas e Agora Tamb\u00e9m em Bras\u00edlia!<\/span> Leia mais &raquo;<\/a><\/p>\n","protected":false},"author":1,"featured_media":1687,"comment_status":"open","ping_status":"open","sticky":false,"template":"","format":"standard","meta":{"site-sidebar-layout":"default","site-content-layout":"default","ast-global-header-display":"","ast-main-header-display":"","ast-hfb-above-header-display":"","ast-hfb-below-header-display":"","ast-hfb-mobile-header-display":"","site-post-title":"","ast-breadcrumbs-content":"","ast-featured-img":"disabled","footer-sml-layout":"","theme-transparent-header-meta":"","adv-header-id-meta":"","stick-header-meta":"","header-above-stick-meta":"","header-main-stick-meta":"","header-below-stick-meta":"","footnotes":""},"categories":[1],"tags":[],"jetpack_featured_media_url":"https:\/\/institutojoaodebarroal.org\/wp-content\/uploads\/2025\/05\/WhatsApp-Image-2025-05-08-at-23.25.48.jpeg","_links":{"self":[{"href":"https:\/\/institutojoaodebarroal.org\/index.php\/wp-json\/wp\/v2\/posts\/1685"}],"collection":[{"href":"https:\/\/institutojoaodebarroal.org\/index.php\/wp-json\/wp\/v2\/posts"}],"about":[{"href":"https:\/\/institutojoaodebarroal.org\/index.php\/wp-json\/wp\/v2\/types\/post"}],"author":[{"embeddable":true,"href":"https:\/\/institutojoaodebarroal.org\/index.php\/wp-json\/wp\/v2\/users\/1"}],"replies":[{"embeddable":true,"href":"https:\/\/institutojoaodebarroal.org\/index.php\/wp-json\/wp\/v2\/comments?post=1685"}],"version-history":[{"count":2,"href":"https:\/\/institutojoaodebarroal.org\/index.php\/wp-json\/wp\/v2\/posts\/1685\/revisions"}],"predecessor-version":[{"id":1689,"href":"https:\/\/institutojoaodebarroal.org\/index.php\/wp-json\/wp\/v2\/posts\/1685\/revisions\/1689"}],"wp:featuredmedia":[{"embeddable":true,"href":"https:\/\/institutojoaodebarroal.org\/index.php\/wp-json\/wp\/v2\/media\/1687"}],"wp:attachment":[{"href":"https:\/\/institutojoaodebarroal.org\/index.php\/wp-json\/wp\/v2\/media?parent=1685"}],"wp:term":[{"taxonomy":"category","embeddable":true,"href":"https:\/\/institutojoaodebarroal.org\/index.php\/wp-json\/wp\/v2\/categories?post=1685"},{"taxonomy":"post_tag","embeddable":true,"href":"https:\/\/institutojoaodebarroal.org\/index.php\/wp-json\/wp\/v2\/tags?post=1685"}],"curies":[{"name":"wp","href":"https:\/\/api.w.org\/{rel}","templated":true}]}}