{"id":1680,"date":"2025-05-07T22:55:48","date_gmt":"2025-05-08T01:55:48","guid":{"rendered":"https:\/\/institutojoaodebarroal.org\/?p=1680"},"modified":"2025-05-07T23:18:00","modified_gmt":"2025-05-08T02:18:00","slug":"uma-decada-de-transformacoes-culto-ecumenico-celebra-os-10-anos-do-instituto-joao-de-barro","status":"publish","type":"post","link":"https:\/\/institutojoaodebarroal.org\/index.php\/2025\/05\/07\/uma-decada-de-transformacoes-culto-ecumenico-celebra-os-10-anos-do-instituto-joao-de-barro\/","title":{"rendered":"Uma D\u00e9cada de Transforma\u00e7\u00f5es: Culto Ecum\u00eanico Celebra os 10 Anos do Instituto Jo\u00e3o de Barro"},"content":{"rendered":"\n<h1 class=\"wp-block-heading\"><\/h1>\n\n\n\n<p>No \u00faltimo dia 2 de maio, uma sexta-feira repleta de significado, o Instituto Jo\u00e3o de Barro celebrou uma trajet\u00f3ria marcada por amor, acolhimento e transforma\u00e7\u00e3o social. Em um culto ecum\u00eanico emocionante, o Instituto comemorou seus 10 anos de exist\u00eancia com f\u00e9, gratid\u00e3o e reconhecimento a todos que fizeram \u2014 e ainda fazem \u2014 parte dessa caminhada.<\/p>\n\n\n\n<p>A cerim\u00f4nia contou com a presen\u00e7a do Padre Jackson Batista, da Par\u00f3quia Santo Ant\u00f4nio, e do Pastor Marco Valiante, dois l\u00edderes religiosos que trouxeram palavras de uni\u00e3o, esperan\u00e7a e inspira\u00e7\u00e3o. Em um momento raro de espiritualidade compartilhada, ambos refor\u00e7aram o prop\u00f3sito comum de cuidar do pr\u00f3ximo e construir uma sociedade mais justa.<\/p>\n\n\n\n<p>O culto foi mais do que uma celebra\u00e7\u00e3o religiosa. Foi um mergulho na hist\u00f3ria do Instituto. Durante o encontro, os convidados tiveram a oportunidade de conhecer mais sobre os primeiros passos da institui\u00e7\u00e3o, as conquistas alcan\u00e7adas e os desafios superados. Entre falas emocionadas, destacaram-se os depoimentos de pessoas que acompanharam de perto a funda\u00e7\u00e3o do Instituto e contribu\u00edram ativamente para sua consolida\u00e7\u00e3o como uma das refer\u00eancias em trabalho social no estado de Alagoas.<\/p>\n\n\n\n<p>Um dos momentos mais comoventes da noite foi o v\u00eddeo de uma m\u00e3e assistida pela institui\u00e7\u00e3o. Em suas palavras, ela descreveu como o Instituto Jo\u00e3o de Barro transformou a vida de seu filho e expressou, com emo\u00e7\u00e3o e sinceridade, sua gratid\u00e3o pelo acolhimento, suporte e oportunidades oferecidas. Foi um testemunho que tocou a todos os presentes e reafirmou a raz\u00e3o de ser do Instituto: impactar vidas com dignidade e amor.<\/p>\n\n\n\n<p>Ap\u00f3s o culto, os colaboradores \u2014 tanto os que fazem parte da equipe atual quanto aqueles que j\u00e1 contribu\u00edram com sua hist\u00f3ria \u2014 participaram de um jantar de confraterniza\u00e7\u00e3o. O evento, fechado ao p\u00fablico, foi um reencontro caloroso entre pessoas que dedicaram parte de suas vidas a um prop\u00f3sito comum: fazer a diferen\u00e7a.<\/p>\n\n\n\n<p>Celebrar 10 anos \u00e9 mais do que marcar uma data. \u00c9 reconhecer o poder da a\u00e7\u00e3o coletiva, \u00e9 valorizar o passado para seguir transformando o futuro. O Instituto Jo\u00e3o de Barro chega a essa marca com o cora\u00e7\u00e3o cheio de gratid\u00e3o e os olhos voltados para os pr\u00f3ximos passos \u2014 sempre firmes na miss\u00e3o de promover desenvolvimento social, educacional e humano com compromisso e sensibilidade.<\/p>\n\n\n\n<p>Que essa seja apenas a primeira d\u00e9cada de muitas que ainda vir\u00e3o. Parab\u00e9ns a todos que fazem parte dessa hist\u00f3ria!<\/p>\n","protected":false},"excerpt":{"rendered":"<p>No \u00faltimo dia 2 de maio, uma sexta-feira repleta de significado, o Instituto Jo\u00e3o de Barro celebrou uma trajet\u00f3ria marcada por amor, acolhimento e transforma\u00e7\u00e3o social. Em um culto ecum\u00eanico emocionante, o Instituto comemorou seus 10 anos de exist\u00eancia com f\u00e9, gratid\u00e3o e reconhecimento a todos que fizeram \u2014 e ainda fazem \u2014 parte dessa &hellip;<\/p>\n<p class=\"read-more\"> <a class=\"\" href=\"https:\/\/institutojoaodebarroal.org\/index.php\/2025\/05\/07\/uma-decada-de-transformacoes-culto-ecumenico-celebra-os-10-anos-do-instituto-joao-de-barro\/\"> <span class=\"screen-reader-text\">Uma D\u00e9cada de Transforma\u00e7\u00f5es: Culto Ecum\u00eanico Celebra os 10 Anos do Instituto Jo\u00e3o de Barro<\/span> Leia mais &raquo;<\/a><\/p>\n","protected":false},"author":1,"featured_media":1682,"comment_status":"open","ping_status":"open","sticky":false,"template":"","format":"standard","meta":{"site-sidebar-layout":"default","site-content-layout":"default","ast-global-header-display":"","ast-main-header-display":"","ast-hfb-above-header-display":"","ast-hfb-below-header-display":"","ast-hfb-mobile-header-display":"","site-post-title":"","ast-breadcrumbs-content":"","ast-featured-img":"","footer-sml-layout":"","theme-transparent-header-meta":"","adv-header-id-meta":"","stick-header-meta":"","header-above-stick-meta":"","header-main-stick-meta":"","header-below-stick-meta":"","footnotes":""},"categories":[1],"tags":[],"jetpack_featured_media_url":"https:\/\/institutojoaodebarroal.org\/wp-content\/uploads\/2025\/05\/IMG_2391-scaled.jpg","_links":{"self":[{"href":"https:\/\/institutojoaodebarroal.org\/index.php\/wp-json\/wp\/v2\/posts\/1680"}],"collection":[{"href":"https:\/\/institutojoaodebarroal.org\/index.php\/wp-json\/wp\/v2\/posts"}],"about":[{"href":"https:\/\/institutojoaodebarroal.org\/index.php\/wp-json\/wp\/v2\/types\/post"}],"author":[{"embeddable":true,"href":"https:\/\/institutojoaodebarroal.org\/index.php\/wp-json\/wp\/v2\/users\/1"}],"replies":[{"embeddable":true,"href":"https:\/\/institutojoaodebarroal.org\/index.php\/wp-json\/wp\/v2\/comments?post=1680"}],"version-history":[{"count":2,"href":"https:\/\/institutojoaodebarroal.org\/index.php\/wp-json\/wp\/v2\/posts\/1680\/revisions"}],"predecessor-version":[{"id":1684,"href":"https:\/\/institutojoaodebarroal.org\/index.php\/wp-json\/wp\/v2\/posts\/1680\/revisions\/1684"}],"wp:featuredmedia":[{"embeddable":true,"href":"https:\/\/institutojoaodebarroal.org\/index.php\/wp-json\/wp\/v2\/media\/1682"}],"wp:attachment":[{"href":"https:\/\/institutojoaodebarroal.org\/index.php\/wp-json\/wp\/v2\/media?parent=1680"}],"wp:term":[{"taxonomy":"category","embeddable":true,"href":"https:\/\/institutojoaodebarroal.org\/index.php\/wp-json\/wp\/v2\/categories?post=1680"},{"taxonomy":"post_tag","embeddable":true,"href":"https:\/\/institutojoaodebarroal.org\/index.php\/wp-json\/wp\/v2\/tags?post=1680"}],"curies":[{"name":"wp","href":"https:\/\/api.w.org\/{rel}","templated":true}]}}