{"id":1670,"date":"2025-05-07T22:25:15","date_gmt":"2025-05-08T01:25:15","guid":{"rendered":"https:\/\/institutojoaodebarroal.org\/?p=1670"},"modified":"2025-05-09T00:00:38","modified_gmt":"2025-05-09T03:00:38","slug":"roda-de-conversa-no-instituto-joao-de-barro-promove-reflexoes-sobre-inclusao-e-direitos-das-criancas-autistas","status":"publish","type":"post","link":"https:\/\/institutojoaodebarroal.org\/index.php\/2025\/05\/07\/roda-de-conversa-no-instituto-joao-de-barro-promove-reflexoes-sobre-inclusao-e-direitos-das-criancas-autistas\/","title":{"rendered":"Fam\u00edlias e Inclus\u00e3o: Encontro com os pais aborda direitos das crian\u00e7as autistas"},"content":{"rendered":"\n<figure class=\"wp-block-video aligncenter\"><video controls src=\"https:\/\/institutojoaodebarroal.org\/wp-content\/uploads\/2025\/05\/AQPHcWAFrZ7xFENsDM-SdmcYuV2Kb9mPUetVSLyxqYkn9iZEDAvUj-PmStPzVHXaHle4k6fpVycbB8E0KECg-OOGrxxTaQkh3zsdhGU.mp4\"><\/video><\/figure>\n\n\n\n<h1 class=\"wp-block-heading\"><\/h1>\n\n\n\n<p>Encerramos o m\u00eas de abril com um momento de grande import\u00e2ncia e sensibilidade no Instituto Jo\u00e3o de Barro: uma roda de conversa especial com os pais e respons\u00e1veis pelos nossos alunos. A iniciativa, parte do projeto <strong>Fam\u00edlia em Foco<\/strong>, buscou promover escuta, acolhimento e reflex\u00e3o sobre um tema essencial: os direitos das crian\u00e7as autistas e os desafios enfrentados por suas fam\u00edlias.<\/p>\n\n\n\n<p>O encontro foi mediado por profissionais altamente qualificados, que compartilharam conhecimentos e experi\u00eancias fundamentais para ampliar a consci\u00eancia sobre inclus\u00e3o e respeito \u00e0 diversidade. Contamos com a presen\u00e7a da advogada <strong>Samara Gama<\/strong>, da terapeuta ocupacional <strong>Anielle Oliveira<\/strong>, da neuropsic\u00f3loga cl\u00ednica <strong>Juliana Denise<\/strong>, do nosso cofundador <strong>Elio Cavalcante<\/strong>, do psicopedagogo <strong>Leandro Oliveira<\/strong>, al\u00e9m da contruibui\u00e7\u00e3o de nossa coordenadora <strong>Camila Braga<\/strong>.<\/p>\n\n\n\n<p>Esses profissionais trouxeram \u00e0 tona discuss\u00f5es valiosas sobre os direitos legais das crian\u00e7as autistas, os aspectos emocionais que envolvem o cuidado familiar, e o papel que a sociedade deve assumir na constru\u00e7\u00e3o de um ambiente verdadeiramente inclusivo.<\/p>\n\n\n\n<p>Foi um espa\u00e7o de trocas sinceras, onde as fam\u00edlias puderam se sentir ouvidas e amparadas, fortalecendo os la\u00e7os entre a institui\u00e7\u00e3o e a comunidade que atende. Encontros como este refor\u00e7am o nosso compromisso com a escuta ativa, a empatia e a promo\u00e7\u00e3o de uma sociedade mais justa para todos.<\/p>\n\n\n\n<p>Seguimos firmes em nossa miss\u00e3o de transformar vidas, promovendo a inclus\u00e3o, o conhecimento e o respeito \u00e0s individualidades. Agradecemos imensamente a cada profissional envolvido e a todas as fam\u00edlias que participaram deste momento t\u00e3o significativo.<\/p>\n\n\n\n<p><strong>Juntos, com empatia, informa\u00e7\u00e3o e a\u00e7\u00e3o, seguimos construindo caminhos de transforma\u00e7\u00e3o.<\/strong><\/p>\n","protected":false},"excerpt":{"rendered":"<p>Encerramos o m\u00eas de abril com um momento de grande import\u00e2ncia e sensibilidade no Instituto Jo\u00e3o de Barro: uma roda de conversa especial com os pais e respons\u00e1veis pelos nossos alunos. A iniciativa, parte do projeto Fam\u00edlia em Foco, buscou promover escuta, acolhimento e reflex\u00e3o sobre um tema essencial: os direitos das crian\u00e7as autistas e &hellip;<\/p>\n<p class=\"read-more\"> <a class=\"\" href=\"https:\/\/institutojoaodebarroal.org\/index.php\/2025\/05\/07\/roda-de-conversa-no-instituto-joao-de-barro-promove-reflexoes-sobre-inclusao-e-direitos-das-criancas-autistas\/\"> <span class=\"screen-reader-text\">Fam\u00edlias e Inclus\u00e3o: Encontro com os pais aborda direitos das crian\u00e7as autistas<\/span> Leia mais &raquo;<\/a><\/p>\n","protected":false},"author":1,"featured_media":1700,"comment_status":"open","ping_status":"open","sticky":false,"template":"","format":"standard","meta":{"site-sidebar-layout":"default","site-content-layout":"default","ast-global-header-display":"","ast-main-header-display":"","ast-hfb-above-header-display":"","ast-hfb-below-header-display":"","ast-hfb-mobile-header-display":"","site-post-title":"","ast-breadcrumbs-content":"","ast-featured-img":"disabled","footer-sml-layout":"","theme-transparent-header-meta":"","adv-header-id-meta":"","stick-header-meta":"","header-above-stick-meta":"","header-main-stick-meta":"","header-below-stick-meta":"","footnotes":""},"categories":[1],"tags":[],"jetpack_featured_media_url":"https:\/\/institutojoaodebarroal.org\/wp-content\/uploads\/2025\/05\/WhatsApp-Image-2025-05-08-at-23.54.08.jpeg","_links":{"self":[{"href":"https:\/\/institutojoaodebarroal.org\/index.php\/wp-json\/wp\/v2\/posts\/1670"}],"collection":[{"href":"https:\/\/institutojoaodebarroal.org\/index.php\/wp-json\/wp\/v2\/posts"}],"about":[{"href":"https:\/\/institutojoaodebarroal.org\/index.php\/wp-json\/wp\/v2\/types\/post"}],"author":[{"embeddable":true,"href":"https:\/\/institutojoaodebarroal.org\/index.php\/wp-json\/wp\/v2\/users\/1"}],"replies":[{"embeddable":true,"href":"https:\/\/institutojoaodebarroal.org\/index.php\/wp-json\/wp\/v2\/comments?post=1670"}],"version-history":[{"count":5,"href":"https:\/\/institutojoaodebarroal.org\/index.php\/wp-json\/wp\/v2\/posts\/1670\/revisions"}],"predecessor-version":[{"id":1702,"href":"https:\/\/institutojoaodebarroal.org\/index.php\/wp-json\/wp\/v2\/posts\/1670\/revisions\/1702"}],"wp:featuredmedia":[{"embeddable":true,"href":"https:\/\/institutojoaodebarroal.org\/index.php\/wp-json\/wp\/v2\/media\/1700"}],"wp:attachment":[{"href":"https:\/\/institutojoaodebarroal.org\/index.php\/wp-json\/wp\/v2\/media?parent=1670"}],"wp:term":[{"taxonomy":"category","embeddable":true,"href":"https:\/\/institutojoaodebarroal.org\/index.php\/wp-json\/wp\/v2\/categories?post=1670"},{"taxonomy":"post_tag","embeddable":true,"href":"https:\/\/institutojoaodebarroal.org\/index.php\/wp-json\/wp\/v2\/tags?post=1670"}],"curies":[{"name":"wp","href":"https:\/\/api.w.org\/{rel}","templated":true}]}}