{"id":1668,"date":"2025-05-07T22:04:51","date_gmt":"2025-05-08T01:04:51","guid":{"rendered":"https:\/\/institutojoaodebarroal.org\/?p=1668"},"modified":"2025-05-07T22:06:14","modified_gmt":"2025-05-08T01:06:14","slug":"rodas-de-conversa-sobre-o-autismo-promovendo-informacao-e-inclusao-com-o-instituto-joao-de-barro","status":"publish","type":"post","link":"https:\/\/institutojoaodebarroal.org\/index.php\/2025\/05\/07\/rodas-de-conversa-sobre-o-autismo-promovendo-informacao-e-inclusao-com-o-instituto-joao-de-barro\/","title":{"rendered":"Rodas de Conversa sobre o Autismo: Promovendo Informa\u00e7\u00e3o e Inclus\u00e3o com o Instituto Jo\u00e3o de Barro"},"content":{"rendered":"\n<h2 class=\"wp-block-heading\"><\/h2>\n\n\n\n<p>Durante o m\u00eas de abril, o Instituto Jo\u00e3o de Barro promoveu rodas de conversa sobre o autismo em escolas e unidades b\u00e1sicas de sa\u00fade. A iniciativa teve como objetivo sensibilizar, informar e promover a inclus\u00e3o, aproximando a sociedade da causa autista com conhecimento e empatia.<\/p>\n\n\n\n<p>Atrav\u00e9s de di\u00e1logos abertos e acolhedores, cada encontro foi uma oportunidade de aprendizado m\u00fatuo. Profissionais da sa\u00fade, da educa\u00e7\u00e3o e membros da comunidade puderam compartilhar experi\u00eancias, esclarecer d\u00favidas e refletir sobre a import\u00e2ncia do respeito \u00e0s diferen\u00e7as.<\/p>\n\n\n\n<figure class=\"wp-block-video aligncenter\"><video controls src=\"https:\/\/institutojoaodebarroal.org\/wp-content\/uploads\/2025\/05\/AQMjuzHOLUMfFA0vJPPsgblLzkgFDIb_TvVbfWX8AMDlHSw6Fbt9to5h310Rp_mgpVFSDswD7T7YuLXUlYFdgkEUQfjh5kZTNXjrTQo.mp4\"><\/video><\/figure>\n\n\n\n<p><\/p>\n\n\n\n<h3 class=\"wp-block-heading\">Inclus\u00e3o que Transforma<\/h3>\n\n\n\n<p>As rodas de conversa refor\u00e7am um dos pilares do Instituto Jo\u00e3o de Barro: a constru\u00e7\u00e3o de uma sociedade mais justa e acolhedora. Ao estimular a empatia e o entendimento sobre o Transtorno do Espectro Autista (TEA), a a\u00e7\u00e3o contribui para a quebra de preconceitos e para o fortalecimento de la\u00e7os comunit\u00e1rios mais humanos.<\/p>\n\n\n\n<p>Cada fala, cada escuta e cada experi\u00eancia compartilhada durante essas rodas fortalece o compromisso do Instituto com a inclus\u00e3o social. E mais do que isso: mostra, na pr\u00e1tica, que a informa\u00e7\u00e3o tem o poder de transformar realidades.<\/p>\n\n\n\n<h3 class=\"wp-block-heading\">Seguimos Firmes<\/h3>\n\n\n\n<p>O Instituto Jo\u00e3o de Barro segue firme em sua miss\u00e3o de espalhar informa\u00e7\u00e3o, promover a empatia e construir pontes de entendimento. Acreditamos que, juntos, podemos criar uma sociedade mais consciente, inclusiva e respeitosa com todas as formas de existir.<\/p>\n","protected":false},"excerpt":{"rendered":"<p>Durante o m\u00eas de abril, o Instituto Jo\u00e3o de Barro promoveu rodas de conversa sobre o autismo em escolas e unidades b\u00e1sicas de sa\u00fade. A iniciativa teve como objetivo sensibilizar, informar e promover a inclus\u00e3o, aproximando a sociedade da causa autista com conhecimento e empatia. Atrav\u00e9s de di\u00e1logos abertos e acolhedores, cada encontro foi uma &hellip;<\/p>\n<p class=\"read-more\"> <a class=\"\" href=\"https:\/\/institutojoaodebarroal.org\/index.php\/2025\/05\/07\/rodas-de-conversa-sobre-o-autismo-promovendo-informacao-e-inclusao-com-o-instituto-joao-de-barro\/\"> <span class=\"screen-reader-text\">Rodas de Conversa sobre o Autismo: Promovendo Informa\u00e7\u00e3o e Inclus\u00e3o com o Instituto Jo\u00e3o de Barro<\/span> Leia mais &raquo;<\/a><\/p>\n","protected":false},"author":1,"featured_media":1677,"comment_status":"open","ping_status":"open","sticky":false,"template":"","format":"standard","meta":{"site-sidebar-layout":"default","site-content-layout":"default","ast-global-header-display":"","ast-main-header-display":"","ast-hfb-above-header-display":"","ast-hfb-below-header-display":"","ast-hfb-mobile-header-display":"","site-post-title":"","ast-breadcrumbs-content":"","ast-featured-img":"disabled","footer-sml-layout":"","theme-transparent-header-meta":"","adv-header-id-meta":"","stick-header-meta":"","header-above-stick-meta":"","header-main-stick-meta":"","header-below-stick-meta":"","footnotes":""},"categories":[1],"tags":[],"jetpack_featured_media_url":"https:\/\/institutojoaodebarroal.org\/wp-content\/uploads\/2025\/05\/WhatsApp-Image-2025-05-07-at-22.01.02.jpg","_links":{"self":[{"href":"https:\/\/institutojoaodebarroal.org\/index.php\/wp-json\/wp\/v2\/posts\/1668"}],"collection":[{"href":"https:\/\/institutojoaodebarroal.org\/index.php\/wp-json\/wp\/v2\/posts"}],"about":[{"href":"https:\/\/institutojoaodebarroal.org\/index.php\/wp-json\/wp\/v2\/types\/post"}],"author":[{"embeddable":true,"href":"https:\/\/institutojoaodebarroal.org\/index.php\/wp-json\/wp\/v2\/users\/1"}],"replies":[{"embeddable":true,"href":"https:\/\/institutojoaodebarroal.org\/index.php\/wp-json\/wp\/v2\/comments?post=1668"}],"version-history":[{"count":4,"href":"https:\/\/institutojoaodebarroal.org\/index.php\/wp-json\/wp\/v2\/posts\/1668\/revisions"}],"predecessor-version":[{"id":1679,"href":"https:\/\/institutojoaodebarroal.org\/index.php\/wp-json\/wp\/v2\/posts\/1668\/revisions\/1679"}],"wp:featuredmedia":[{"embeddable":true,"href":"https:\/\/institutojoaodebarroal.org\/index.php\/wp-json\/wp\/v2\/media\/1677"}],"wp:attachment":[{"href":"https:\/\/institutojoaodebarroal.org\/index.php\/wp-json\/wp\/v2\/media?parent=1668"}],"wp:term":[{"taxonomy":"category","embeddable":true,"href":"https:\/\/institutojoaodebarroal.org\/index.php\/wp-json\/wp\/v2\/categories?post=1668"},{"taxonomy":"post_tag","embeddable":true,"href":"https:\/\/institutojoaodebarroal.org\/index.php\/wp-json\/wp\/v2\/tags?post=1668"}],"curies":[{"name":"wp","href":"https:\/\/api.w.org\/{rel}","templated":true}]}}