{"id":1495,"date":"2025-03-01T12:41:00","date_gmt":"2025-03-01T15:41:00","guid":{"rendered":"https:\/\/institutojoaodebarroal.org\/?p=1495"},"modified":"2025-03-02T19:15:45","modified_gmt":"2025-03-02T22:15:45","slug":"um-natal-de-solidariedade-instituto-joao-de-barro-leva-esperanca-a-84-familias","status":"publish","type":"post","link":"https:\/\/institutojoaodebarroal.org\/index.php\/2025\/03\/01\/um-natal-de-solidariedade-instituto-joao-de-barro-leva-esperanca-a-84-familias\/","title":{"rendered":"Um Natal de Solidariedade: Instituto Jo\u00e3o de Barro leva esperan\u00e7a a 84 fam\u00edlias"},"content":{"rendered":"\t\t<div data-elementor-type=\"wp-post\" data-elementor-id=\"1495\" class=\"elementor elementor-1495\">\n\t\t\t\t\t\t\t\t\t<section class=\"elementor-section elementor-top-section elementor-element elementor-element-49c4a931 elementor-section-boxed elementor-section-height-default elementor-section-height-default\" data-id=\"49c4a931\" data-element_type=\"section\">\n\t\t\t\t\t\t<div class=\"elementor-container elementor-column-gap-default\">\n\t\t\t\t\t<div class=\"elementor-column elementor-col-100 elementor-top-column elementor-element elementor-element-7ab14d60\" data-id=\"7ab14d60\" data-element_type=\"column\">\n\t\t\t<div class=\"elementor-widget-wrap elementor-element-populated\">\n\t\t\t\t\t\t\t\t<div class=\"elementor-element elementor-element-942972f elementor-aspect-ratio-169 elementor-widget elementor-widget-video\" data-id=\"942972f\" data-element_type=\"widget\" data-settings=\"{&quot;youtube_url&quot;:&quot;https:\\\/\\\/youtu.be\\\/6PNNi_Uxzpo&quot;,&quot;video_type&quot;:&quot;youtube&quot;,&quot;controls&quot;:&quot;yes&quot;,&quot;aspect_ratio&quot;:&quot;169&quot;}\" data-widget_type=\"video.default\">\n\t\t\t\t<div class=\"elementor-widget-container\">\n\t\t\t<style>\/*! elementor - v3.6.8 - 27-07-2022 *\/\n.elementor-widget-video .elementor-widget-container{overflow:hidden;-webkit-transform:translateZ(0);transform:translateZ(0)}.elementor-widget-video .elementor-open-inline .elementor-custom-embed-image-overlay{position:absolute;top:0;left:0;width:100%;height:100%;background-size:cover;background-position:50%}.elementor-widget-video .elementor-custom-embed-image-overlay{cursor:pointer;text-align:center}.elementor-widget-video .elementor-custom-embed-image-overlay:hover .elementor-custom-embed-play i{opacity:1}.elementor-widget-video .elementor-custom-embed-image-overlay img{display:block;width:100%}.elementor-widget-video .e-hosted-video .elementor-video{-o-object-fit:cover;object-fit:cover}<\/style>\t\t<div class=\"elementor-wrapper elementor-fit-aspect-ratio elementor-open-inline\">\n\t\t\t<div class=\"elementor-video\"><\/div>\t\t<\/div>\n\t\t\t\t<\/div>\n\t\t\t\t<\/div>\n\t\t\t\t<div class=\"elementor-element elementor-element-20dfb036 elementor-widget elementor-widget-text-editor\" data-id=\"20dfb036\" data-element_type=\"widget\" data-widget_type=\"text-editor.default\">\n\t\t\t\t<div class=\"elementor-widget-container\">\n\t\t\t<style>\/*! elementor - v3.6.8 - 27-07-2022 *\/\n.elementor-widget-text-editor.elementor-drop-cap-view-stacked .elementor-drop-cap{background-color:#818a91;color:#fff}.elementor-widget-text-editor.elementor-drop-cap-view-framed .elementor-drop-cap{color:#818a91;border:3px solid;background-color:transparent}.elementor-widget-text-editor:not(.elementor-drop-cap-view-default) .elementor-drop-cap{margin-top:8px}.elementor-widget-text-editor:not(.elementor-drop-cap-view-default) .elementor-drop-cap-letter{width:1em;height:1em}.elementor-widget-text-editor .elementor-drop-cap{float:left;text-align:center;line-height:1;font-size:50px}.elementor-widget-text-editor .elementor-drop-cap-letter{display:inline-block}<\/style>\t\t\t\t<p><!-- wp:paragraph --><\/p>\n<p>O Natal \u00e9 tempo de amor, uni\u00e3o e solidariedade. E foi com esse esp\u00edrito que o Instituto Jo\u00e3o de Barro promoveu, em dezembro de 2024, uma grande a\u00e7\u00e3o social nos povoados Pau d\u2019Arco e B\u00e1lsamo, levando alimento e esperan\u00e7a para 84 fam\u00edlias.<\/p>\n<p><!-- \/wp:paragraph --><\/p>\n<p><!-- wp:paragraph --><\/p>\n<p>Gra\u00e7as \u00e0 generosidade de doadores individuais, empresas parceiras e \u00e0 colabora\u00e7\u00e3o fundamental do projeto <em>Natal do Seu Neco<\/em>, conseguimos arrecadar e distribuir cestas b\u00e1sicas para essas fam\u00edlias que tanto precisavam. Foi um momento especial, onde refor\u00e7amos o compromisso com a seguran\u00e7a alimentar e o bem-estar social, pilares fundamentais do Instituto Jo\u00e3o de Barro.<\/p>\n<p><!-- \/wp:paragraph --><\/p>\n<p><!-- wp:paragraph --><\/p>\n<p><strong>Parceiros que fizeram a diferen\u00e7a<\/strong><\/p>\n<p><!-- \/wp:paragraph --><\/p>\n<p><!-- wp:paragraph --><\/p>\n<p>Nada disso seria poss\u00edvel sem o apoio daqueles que acreditam na nossa miss\u00e3o. Gostar\u00edamos de agradecer imensamente a todas as pessoas e empresas que tornaram essa a\u00e7\u00e3o uma realidade. O <em>Natal do Seu Neco<\/em> foi essencial, doando todos os quilos de alimentos arrecadados durante o evento. Al\u00e9m disso, contamos com a colabora\u00e7\u00e3o de diversas pessoas e institui\u00e7\u00f5es que n\u00e3o mediram esfor\u00e7os para ajudar.<\/p>\n<p><!-- \/wp:paragraph --><\/p>\n<p><!-- wp:paragraph --><\/p>\n<p><strong>Lista de Apoiadores:<\/strong><\/p>\n<p><!-- \/wp:paragraph --><\/p>\n<p><!-- wp:paragraph --><\/p>\n<p><strong>\u2022 Pessoas F\u00edsicas<\/strong><br \/>\u00a0&#8211; Alexandra Rodrigues<br \/>\u00a0&#8211; Bruna Cristiny<br \/>\u00a0&#8211; Carolyny Batista<br \/>\u00a0&#8211; C\u00e1ssia Camilla C. Ataide<br \/>\u00a0&#8211; Cl\u00e1udio Ferreira da Silva<br \/>\u00a0&#8211; Cleane Maria Pereira Silva<br \/>\u00a0&#8211; Daniela Simpl\u00edcio<br \/>\u00a0&#8211; Dayane de Oliveira<br \/>\u00a0&#8211; Gildete<br \/>\u00a0&#8211; Gilza<br \/>\u00a0&#8211; Gra\u00e7a<br \/>\u00a0&#8211; Jakeline<br \/>\u00a0&#8211; Janaciel do Nascimento<br \/>\u00a0&#8211; Janaina Juli\u00e3o Amorim<br \/>\u00a0&#8211; Leandro Oliveira<br \/>\u00a0&#8211; Lucineide Oliveira<br \/>\u00a0&#8211; Lucinha Ribeiro<br \/>\u00a0&#8211; Magna Cristina<br \/>\u00a0&#8211; Marcela Souza Ribeiro<br \/>\u00a0&#8211; Mylvio Alex<br \/>\u00a0&#8211; Rosimeire<br \/>\u00a0&#8211; Sebastiana<br \/>\u00a0&#8211; Taciany Lima<br \/>\u00a0&#8211; Wedja Karine dos Santos<\/p>\n<p><!-- \/wp:paragraph --><\/p>\n<p><!-- wp:paragraph --><\/p>\n<p><strong>\u2022 Empresas Parceiras<\/strong><\/p>\n<p>\u00a0&#8211; Chefa Sucesso<br \/>\u00a0&#8211; Churrascaria Sabor do Agreste<br \/>\u00a0&#8211; MC Distribuidora<br \/>\u00a0&#8211; Mercadinho da Dad\u00e1<br \/>\u00a0&#8211; Posto Sollares<br \/>\u00a0&#8211; Projeto M\u00e3o Amiga Alagoana<br \/>\u00a0&#8211; Projeto Natal do Seu Neco<br \/>\u00a0&#8211; Tokstar Acess\u00f3rios<\/p>\n<p><!-- \/wp:paragraph --><\/p>\n<p><!-- wp:paragraph --><\/p>\n<p>A cada um de voc\u00eas, nossa mais profunda gratid\u00e3o. Voc\u00eas foram parte essencial desse gesto de amor e solidariedade!<\/p>\n<p>\u00a0<\/p>\n<p><!-- \/wp:paragraph --><\/p>\n<p><!-- wp:paragraph --><\/p>\n<p><img loading=\"lazy\" decoding=\"async\" class=\"alignnone size-large wp-image-1526\" src=\"https:\/\/institutojoaodebarroal.org\/wp-content\/uploads\/2025\/03\/9aa72b02-e0d2-414b-8d6a-59b65e94bd20-1024x770.jpg\" alt=\"\" width=\"1024\" height=\"770\" srcset=\"https:\/\/institutojoaodebarroal.org\/wp-content\/uploads\/2025\/03\/9aa72b02-e0d2-414b-8d6a-59b65e94bd20-1024x770.jpg 1024w, https:\/\/institutojoaodebarroal.org\/wp-content\/uploads\/2025\/03\/9aa72b02-e0d2-414b-8d6a-59b65e94bd20-300x226.jpg 300w, https:\/\/institutojoaodebarroal.org\/wp-content\/uploads\/2025\/03\/9aa72b02-e0d2-414b-8d6a-59b65e94bd20-768x577.jpg 768w, https:\/\/institutojoaodebarroal.org\/wp-content\/uploads\/2025\/03\/9aa72b02-e0d2-414b-8d6a-59b65e94bd20-1536x1155.jpg 1536w, https:\/\/institutojoaodebarroal.org\/wp-content\/uploads\/2025\/03\/9aa72b02-e0d2-414b-8d6a-59b65e94bd20-600x451.jpg 600w, https:\/\/institutojoaodebarroal.org\/wp-content\/uploads\/2025\/03\/9aa72b02-e0d2-414b-8d6a-59b65e94bd20.jpg 1600w\" sizes=\"(max-width: 1024px) 100vw, 1024px\" \/><\/p>\n<p><strong>Continue ajudando!<\/strong><\/p>\n<p><!-- \/wp:paragraph --><\/p>\n<p><!-- wp:paragraph --><\/p>\n<p>O trabalho do Instituto Jo\u00e3o de Barro n\u00e3o para. Durante todo o ano, desenvolvemos projetos que impactam a vida de crian\u00e7as, adolescentes e fam\u00edlias em situa\u00e7\u00e3o de vulnerabilidade. Para continuar promovendo a\u00e7\u00f5es como essa, precisamos de mais m\u00e3os solid\u00e1rias.<\/p>\n<p><!-- \/wp:paragraph --><\/p>\n<p><!-- wp:paragraph --><\/p>\n<p>Se voc\u00ea quer fazer parte dessa transforma\u00e7\u00e3o, entre em contato conosco e descubra como contribuir. Seja doando alimentos, recursos financeiros ou seu tempo, toda ajuda \u00e9 bem-vinda!<\/p>\n<p><!-- \/wp:paragraph --><\/p>\n<p><!-- wp:paragraph --><\/p>\n<p>Juntos, podemos continuar levando esperan\u00e7a e fazendo a diferen\u00e7a.<\/p>\n<p><!-- \/wp:paragraph --><\/p>\n<p><!-- wp:paragraph --><\/p>\n<p><strong>Entre em contato e seja um doador!<\/strong><\/p>\n<p><!-- \/wp:paragraph --><\/p>\n<p><!-- wp:paragraph --><\/p>\n<p>\ud83d\udcde (82) 99805-9555<\/p>\n<p><!-- \/wp:paragraph --><\/p>\n<p><!-- wp:paragraph --><\/p>\n<p>\ud83d\udce7 contato@institutojoaodebarroal.org<\/p>\n<p><!-- \/wp:paragraph --><\/p>\n<p><!-- wp:paragraph --><\/p>\n<p>\ud83d\udccd Sede &#8211; Vila Pau D`\u00c1rco, 46, Arapiraca &#8211; AL<\/p>\n<p><!-- \/wp:paragraph --><\/p>\t\t\t\t\t\t<\/div>\n\t\t\t\t<\/div>\n\t\t\t\t<div class=\"elementor-element elementor-element-6f371d6 elementor-align-center elementor-widget elementor-widget-button\" data-id=\"6f371d6\" data-element_type=\"widget\" data-widget_type=\"button.default\">\n\t\t\t\t<div class=\"elementor-widget-container\">\n\t\t\t\t\t<div class=\"elementor-button-wrapper\">\n\t\t\t<a href=\"https:\/\/api.whatsapp.com\/send?phone=5582999968987&#038;text=Ol%C3%A1%252C%2520visitei%2520o%2520site%2520de%2520voc%C3%AAs.\" class=\"elementor-button-link elementor-button elementor-size-sm\" role=\"button\">\n\t\t\t\t\t\t<span class=\"elementor-button-content-wrapper\">\n\t\t\t\t\t\t<span class=\"elementor-button-text\">FALE CONOSCO<\/span>\n\t\t<\/span>\n\t\t\t\t\t<\/a>\n\t\t<\/div>\n\t\t\t\t<\/div>\n\t\t\t\t<\/div>\n\t\t\t\t\t<\/div>\n\t\t<\/div>\n\t\t\t\t\t\t\t<\/div>\n\t\t<\/section>\n\t\t\t\t\t\t\t<\/div>\n\t\t","protected":false},"excerpt":{"rendered":"<p>https:\/\/youtu.be\/6PNNi_Uxzpo O Natal \u00e9 tempo de amor, uni\u00e3o e solidariedade. E foi com esse esp\u00edrito que o Instituto Jo\u00e3o de Barro promoveu, em dezembro de 2024, uma grande a\u00e7\u00e3o social nos povoados Pau d\u2019Arco e B\u00e1lsamo, levando alimento e esperan\u00e7a para 84 fam\u00edlias. Gra\u00e7as \u00e0 generosidade de doadores individuais, empresas parceiras e \u00e0 colabora\u00e7\u00e3o fundamental &hellip;<\/p>\n<p class=\"read-more\"> <a class=\"\" href=\"https:\/\/institutojoaodebarroal.org\/index.php\/2025\/03\/01\/um-natal-de-solidariedade-instituto-joao-de-barro-leva-esperanca-a-84-familias\/\"> <span class=\"screen-reader-text\">Um Natal de Solidariedade: Instituto Jo\u00e3o de Barro leva esperan\u00e7a a 84 fam\u00edlias<\/span> Leia mais &raquo;<\/a><\/p>\n","protected":false},"author":1,"featured_media":1532,"comment_status":"open","ping_status":"open","sticky":false,"template":"","format":"standard","meta":{"site-sidebar-layout":"default","site-content-layout":"default","ast-global-header-display":"","ast-main-header-display":"","ast-hfb-above-header-display":"","ast-hfb-below-header-display":"","ast-hfb-mobile-header-display":"","site-post-title":"","ast-breadcrumbs-content":"","ast-featured-img":"","footer-sml-layout":"","theme-transparent-header-meta":"","adv-header-id-meta":"","stick-header-meta":"","header-above-stick-meta":"","header-main-stick-meta":"","header-below-stick-meta":"","footnotes":""},"categories":[1],"tags":[],"jetpack_featured_media_url":"https:\/\/institutojoaodebarroal.org\/wp-content\/uploads\/2025\/03\/IMG_6010-scaled.jpg","_links":{"self":[{"href":"https:\/\/institutojoaodebarroal.org\/index.php\/wp-json\/wp\/v2\/posts\/1495"}],"collection":[{"href":"https:\/\/institutojoaodebarroal.org\/index.php\/wp-json\/wp\/v2\/posts"}],"about":[{"href":"https:\/\/institutojoaodebarroal.org\/index.php\/wp-json\/wp\/v2\/types\/post"}],"author":[{"embeddable":true,"href":"https:\/\/institutojoaodebarroal.org\/index.php\/wp-json\/wp\/v2\/users\/1"}],"replies":[{"embeddable":true,"href":"https:\/\/institutojoaodebarroal.org\/index.php\/wp-json\/wp\/v2\/comments?post=1495"}],"version-history":[{"count":38,"href":"https:\/\/institutojoaodebarroal.org\/index.php\/wp-json\/wp\/v2\/posts\/1495\/revisions"}],"predecessor-version":[{"id":1544,"href":"https:\/\/institutojoaodebarroal.org\/index.php\/wp-json\/wp\/v2\/posts\/1495\/revisions\/1544"}],"wp:featuredmedia":[{"embeddable":true,"href":"https:\/\/institutojoaodebarroal.org\/index.php\/wp-json\/wp\/v2\/media\/1532"}],"wp:attachment":[{"href":"https:\/\/institutojoaodebarroal.org\/index.php\/wp-json\/wp\/v2\/media?parent=1495"}],"wp:term":[{"taxonomy":"category","embeddable":true,"href":"https:\/\/institutojoaodebarroal.org\/index.php\/wp-json\/wp\/v2\/categories?post=1495"},{"taxonomy":"post_tag","embeddable":true,"href":"https:\/\/institutojoaodebarroal.org\/index.php\/wp-json\/wp\/v2\/tags?post=1495"}],"curies":[{"name":"wp","href":"https:\/\/api.w.org\/{rel}","templated":true}]}}