{"id":1481,"date":"2024-08-09T11:45:17","date_gmt":"2024-08-09T14:45:17","guid":{"rendered":"https:\/\/institutojoaodebarroal.org\/?p=1481"},"modified":"2024-08-09T12:25:04","modified_gmt":"2024-08-09T15:25:04","slug":"aline-barros-fundadora-do-instituto-joao-de-barro-recebe-homenagem-no-premio-homens-e-mulheres-de-sucesso","status":"publish","type":"post","link":"https:\/\/institutojoaodebarroal.org\/index.php\/2024\/08\/09\/aline-barros-fundadora-do-instituto-joao-de-barro-recebe-homenagem-no-premio-homens-e-mulheres-de-sucesso\/","title":{"rendered":"Aline Barros, Fundadora do Instituto Jo\u00e3o de Barro, Recebe Homenagem no 10\u00ba Pr\u00eamio Homens e Mulheres de Sucesso"},"content":{"rendered":"\t\t<div data-elementor-type=\"wp-post\" data-elementor-id=\"1481\" class=\"elementor elementor-1481\">\n\t\t\t\t\t\t\t\t\t<section class=\"elementor-section elementor-top-section elementor-element elementor-element-4780cb6e elementor-section-boxed elementor-section-height-default elementor-section-height-default\" data-id=\"4780cb6e\" data-element_type=\"section\">\n\t\t\t\t\t\t<div class=\"elementor-container elementor-column-gap-default\">\n\t\t\t\t\t<div class=\"elementor-column elementor-col-100 elementor-top-column elementor-element elementor-element-13223464\" data-id=\"13223464\" data-element_type=\"column\">\n\t\t\t<div class=\"elementor-widget-wrap elementor-element-populated\">\n\t\t\t\t\t\t\t\t<div class=\"elementor-element elementor-element-c236de2 elementor-widget elementor-widget-image\" data-id=\"c236de2\" data-element_type=\"widget\" data-widget_type=\"image.default\">\n\t\t\t\t<div class=\"elementor-widget-container\">\n\t\t\t<style>\/*! elementor - v3.6.8 - 27-07-2022 *\/\n.elementor-widget-image{text-align:center}.elementor-widget-image a{display:inline-block}.elementor-widget-image a img[src$=\".svg\"]{width:48px}.elementor-widget-image img{vertical-align:middle;display:inline-block}<\/style>\t\t\t\t\t\t\t\t\t\t\t\t<img loading=\"lazy\" decoding=\"async\" width=\"1024\" height=\"683\" src=\"https:\/\/institutojoaodebarroal.org\/wp-content\/uploads\/2024\/08\/IMG_8555-1024x683.jpg\" class=\"attachment-large size-large\" alt=\"\" srcset=\"https:\/\/institutojoaodebarroal.org\/wp-content\/uploads\/2024\/08\/IMG_8555-1024x683.jpg 1024w, https:\/\/institutojoaodebarroal.org\/wp-content\/uploads\/2024\/08\/IMG_8555-300x200.jpg 300w, https:\/\/institutojoaodebarroal.org\/wp-content\/uploads\/2024\/08\/IMG_8555-768x512.jpg 768w, https:\/\/institutojoaodebarroal.org\/wp-content\/uploads\/2024\/08\/IMG_8555-1536x1024.jpg 1536w, https:\/\/institutojoaodebarroal.org\/wp-content\/uploads\/2024\/08\/IMG_8555-2048x1365.jpg 2048w, https:\/\/institutojoaodebarroal.org\/wp-content\/uploads\/2024\/08\/IMG_8555-600x400.jpg 600w\" sizes=\"(max-width: 1024px) 100vw, 1024px\" \/>\t\t\t\t\t\t\t\t\t\t\t\t\t\t\t<\/div>\n\t\t\t\t<\/div>\n\t\t\t\t<div class=\"elementor-element elementor-element-16dae948 elementor-widget elementor-widget-text-editor\" data-id=\"16dae948\" data-element_type=\"widget\" data-widget_type=\"text-editor.default\">\n\t\t\t\t<div class=\"elementor-widget-container\">\n\t\t\t<style>\/*! elementor - v3.6.8 - 27-07-2022 *\/\n.elementor-widget-text-editor.elementor-drop-cap-view-stacked .elementor-drop-cap{background-color:#818a91;color:#fff}.elementor-widget-text-editor.elementor-drop-cap-view-framed .elementor-drop-cap{color:#818a91;border:3px solid;background-color:transparent}.elementor-widget-text-editor:not(.elementor-drop-cap-view-default) .elementor-drop-cap{margin-top:8px}.elementor-widget-text-editor:not(.elementor-drop-cap-view-default) .elementor-drop-cap-letter{width:1em;height:1em}.elementor-widget-text-editor .elementor-drop-cap{float:left;text-align:center;line-height:1;font-size:50px}.elementor-widget-text-editor .elementor-drop-cap-letter{display:inline-block}<\/style>\t\t\t\t<!-- wp:paragraph -->\n<p>No dia 25 de julho, a fundadora e presidente do Instituto Jo\u00e3o de Barro, Aline Barros, foi homenageada durante o 10\u00ba Pr\u00eamio Homens e Mulheres de Sucesso. O evento, que re\u00fane l\u00edderes e vision\u00e1rios de diversas \u00e1reas, reconheceu o impacto significativo que Aline tem gerado atrav\u00e9s de seu trabalho \u00e0 frente do Instituto, uma organiza\u00e7\u00e3o comprometida em transformar vidas e promover o desenvolvimento social.<\/p>\n<!-- \/wp:paragraph -->\n\n<!-- wp:paragraph -->\n<p><strong>Um Reconhecimento Merecido<\/strong><\/p>\n<!-- \/wp:paragraph -->\n\n<!-- wp:paragraph -->\n<p>A homenagem \u00e9 um reconhecimento ao incans\u00e1vel esfor\u00e7o e \u00e0 dedica\u00e7\u00e3o de Aline Barros em liderar projetos que fazem a diferen\u00e7a na vida de centenas de crian\u00e7as, adolescentes e fam\u00edlias atendidas pelo Instituto Jo\u00e3o de Barro. Desde a funda\u00e7\u00e3o da organiza\u00e7\u00e3o, Aline tem sido uma for\u00e7a motriz por tr\u00e1s de iniciativas que v\u00e3o desde programas de educa\u00e7\u00e3o e cultura, como o &#8220;Viagem Liter\u00e1ria&#8221; e o &#8220;Cidadania no Tatame&#8221;, at\u00e9 a\u00e7\u00f5es de apoio social, como o &#8220;Projeto Prato Cheio&#8221; e o &#8220;Sa\u00fade Solid\u00e1ria&#8221;.<\/p>\n<!-- \/wp:paragraph -->\n\n<!-- wp:paragraph -->\n<p><strong>Impacto Social e Transforma\u00e7\u00e3o<\/strong><\/p>\n<!-- \/wp:paragraph -->\n\n<!-- wp:paragraph -->\n<p>Sob a lideran\u00e7a de Aline, o Instituto Jo\u00e3o de Barro tem se destacado por sua capacidade de implementar projetos que n\u00e3o apenas assistem a comunidade, mas tamb\u00e9m promovem a autonomia e o empoderamento dos seus benefici\u00e1rios. A vis\u00e3o de Aline vai al\u00e9m da assist\u00eancia social; ela busca criar oportunidades que possibilitem o desenvolvimento pessoal e coletivo, contribuindo para a constru\u00e7\u00e3o de uma sociedade mais justa e igualit\u00e1ria.<\/p>\n<!-- \/wp:paragraph -->\n\n<!-- wp:paragraph -->\n<p><strong>O Pr\u00eamio Homens e Mulheres de Sucesso<\/strong><\/p>\n<!-- \/wp:paragraph -->\n\n<!-- wp:paragraph -->\n<p>O Pr\u00eamio Homens e Mulheres de Sucesso \u00e9 uma cerim\u00f4nia que celebra a trajet\u00f3ria de indiv\u00edduos que, atrav\u00e9s de seu trabalho, impactam positivamente suas comunidades e setores de atua\u00e7\u00e3o. A premia\u00e7\u00e3o reconhece n\u00e3o apenas o sucesso profissional, mas tamb\u00e9m a contribui\u00e7\u00e3o para o bem-estar social e o desenvolvimento humano. Receber esta homenagem \u00e9 um testemunho do valor que Aline Barros e o Instituto Jo\u00e3o de Barro t\u00eam agregado \u00e0 sociedade.<\/p>\n<!-- \/wp:paragraph -->\n\n<!-- wp:paragraph -->\n<p><strong>Compromisso com o Futuro<\/strong><\/p>\n<!-- \/wp:paragraph -->\n\n<!-- wp:paragraph -->\n<p>A homenagem recebida por Aline Barros \u00e9 mais um marco na hist\u00f3ria do Instituto Jo\u00e3o de Barro, que segue firme em sua miss\u00e3o de ser um agente de mudan\u00e7a na sociedade. O reconhecimento \u00e9 um incentivo para que a organiza\u00e7\u00e3o continue seus esfor\u00e7os em prol dos mais vulner\u00e1veis, reafirmando seu papel essencial na constru\u00e7\u00e3o de um futuro melhor para todos.<\/p>\n<!-- \/wp:paragraph -->\n\n<!-- wp:paragraph -->\n<p>O Instituto Jo\u00e3o de Barro agradece a todos os parceiros, colaboradores e volunt\u00e1rios que t\u00eam caminhado ao lado de Aline Barros nesta jornada de transforma\u00e7\u00e3o. Que este pr\u00eamio inspire ainda mais pessoas a se envolverem e apoiarem os projetos que fazem a diferen\u00e7a na vida de tantas fam\u00edlias.<\/p>\n<!-- \/wp:paragraph -->\t\t\t\t\t\t<\/div>\n\t\t\t\t<\/div>\n\t\t\t\t<div class=\"elementor-element elementor-element-8f1b5a0 elementor-widget elementor-widget-image\" data-id=\"8f1b5a0\" data-element_type=\"widget\" data-widget_type=\"image.default\">\n\t\t\t\t<div class=\"elementor-widget-container\">\n\t\t\t\t\t\t\t\t\t\t\t\t\t\t\t<img loading=\"lazy\" decoding=\"async\" width=\"683\" height=\"1024\" src=\"https:\/\/institutojoaodebarroal.org\/wp-content\/uploads\/2024\/08\/IMG_8562-1-683x1024.jpg\" class=\"attachment-large size-large\" alt=\"\" srcset=\"https:\/\/institutojoaodebarroal.org\/wp-content\/uploads\/2024\/08\/IMG_8562-1-683x1024.jpg 683w, https:\/\/institutojoaodebarroal.org\/wp-content\/uploads\/2024\/08\/IMG_8562-1-200x300.jpg 200w, https:\/\/institutojoaodebarroal.org\/wp-content\/uploads\/2024\/08\/IMG_8562-1-768x1152.jpg 768w, https:\/\/institutojoaodebarroal.org\/wp-content\/uploads\/2024\/08\/IMG_8562-1-1024x1536.jpg 1024w, https:\/\/institutojoaodebarroal.org\/wp-content\/uploads\/2024\/08\/IMG_8562-1-1365x2048.jpg 1365w, https:\/\/institutojoaodebarroal.org\/wp-content\/uploads\/2024\/08\/IMG_8562-1-600x900.jpg 600w, https:\/\/institutojoaodebarroal.org\/wp-content\/uploads\/2024\/08\/IMG_8562-1-scaled.jpg 1707w\" sizes=\"(max-width: 683px) 100vw, 683px\" \/>\t\t\t\t\t\t\t\t\t\t\t\t\t\t\t<\/div>\n\t\t\t\t<\/div>\n\t\t\t\t\t<\/div>\n\t\t<\/div>\n\t\t\t\t\t\t\t<\/div>\n\t\t<\/section>\n\t\t\t\t\t\t\t<\/div>\n\t\t","protected":false},"excerpt":{"rendered":"<p>No dia 25 de julho, a fundadora e presidente do Instituto Jo\u00e3o de Barro, Aline Barros, foi homenageada durante o 10\u00ba Pr\u00eamio Homens e Mulheres de Sucesso. O evento, que re\u00fane l\u00edderes e vision\u00e1rios de diversas \u00e1reas, reconheceu o impacto significativo que Aline tem gerado atrav\u00e9s de seu trabalho \u00e0 frente do Instituto, uma organiza\u00e7\u00e3o &hellip;<\/p>\n<p class=\"read-more\"> <a class=\"\" href=\"https:\/\/institutojoaodebarroal.org\/index.php\/2024\/08\/09\/aline-barros-fundadora-do-instituto-joao-de-barro-recebe-homenagem-no-premio-homens-e-mulheres-de-sucesso\/\"> <span class=\"screen-reader-text\">Aline Barros, Fundadora do Instituto Jo\u00e3o de Barro, Recebe Homenagem no 10\u00ba Pr\u00eamio Homens e Mulheres de Sucesso<\/span> Leia mais &raquo;<\/a><\/p>\n","protected":false},"author":1,"featured_media":1482,"comment_status":"open","ping_status":"open","sticky":false,"template":"","format":"standard","meta":{"site-sidebar-layout":"default","site-content-layout":"default","ast-global-header-display":"","ast-main-header-display":"","ast-hfb-above-header-display":"","ast-hfb-below-header-display":"","ast-hfb-mobile-header-display":"","site-post-title":"","ast-breadcrumbs-content":"","ast-featured-img":"disabled","footer-sml-layout":"","theme-transparent-header-meta":"","adv-header-id-meta":"","stick-header-meta":"","header-above-stick-meta":"","header-main-stick-meta":"","header-below-stick-meta":"","footnotes":""},"categories":[1],"tags":[],"jetpack_featured_media_url":"https:\/\/institutojoaodebarroal.org\/wp-content\/uploads\/2024\/08\/IMG_8562-scaled-e1723214648433.jpg","_links":{"self":[{"href":"https:\/\/institutojoaodebarroal.org\/index.php\/wp-json\/wp\/v2\/posts\/1481"}],"collection":[{"href":"https:\/\/institutojoaodebarroal.org\/index.php\/wp-json\/wp\/v2\/posts"}],"about":[{"href":"https:\/\/institutojoaodebarroal.org\/index.php\/wp-json\/wp\/v2\/types\/post"}],"author":[{"embeddable":true,"href":"https:\/\/institutojoaodebarroal.org\/index.php\/wp-json\/wp\/v2\/users\/1"}],"replies":[{"embeddable":true,"href":"https:\/\/institutojoaodebarroal.org\/index.php\/wp-json\/wp\/v2\/comments?post=1481"}],"version-history":[{"count":8,"href":"https:\/\/institutojoaodebarroal.org\/index.php\/wp-json\/wp\/v2\/posts\/1481\/revisions"}],"predecessor-version":[{"id":1493,"href":"https:\/\/institutojoaodebarroal.org\/index.php\/wp-json\/wp\/v2\/posts\/1481\/revisions\/1493"}],"wp:featuredmedia":[{"embeddable":true,"href":"https:\/\/institutojoaodebarroal.org\/index.php\/wp-json\/wp\/v2\/media\/1482"}],"wp:attachment":[{"href":"https:\/\/institutojoaodebarroal.org\/index.php\/wp-json\/wp\/v2\/media?parent=1481"}],"wp:term":[{"taxonomy":"category","embeddable":true,"href":"https:\/\/institutojoaodebarroal.org\/index.php\/wp-json\/wp\/v2\/categories?post=1481"},{"taxonomy":"post_tag","embeddable":true,"href":"https:\/\/institutojoaodebarroal.org\/index.php\/wp-json\/wp\/v2\/tags?post=1481"}],"curies":[{"name":"wp","href":"https:\/\/api.w.org\/{rel}","templated":true}]}}