{"id":1332,"date":"2023-10-24T09:09:41","date_gmt":"2023-10-24T12:09:41","guid":{"rendered":"https:\/\/institutojoaodebarroal.org\/?p=1332"},"modified":"2023-10-24T09:09:41","modified_gmt":"2023-10-24T12:09:41","slug":"instituto-joao-de-barro-promove-festa-inesquecivel-para-criancas-das-comunidades-lagoa-do-mato-e-vila-pau-darco","status":"publish","type":"post","link":"https:\/\/institutojoaodebarroal.org\/index.php\/2023\/10\/24\/instituto-joao-de-barro-promove-festa-inesquecivel-para-criancas-das-comunidades-lagoa-do-mato-e-vila-pau-darco\/","title":{"rendered":"Instituto Jo\u00e3o de Barro promove festa inesquec\u00edvel para crian\u00e7as das comunidades Lagoa do Mato e Vila Pau D\u2019arco"},"content":{"rendered":"\n<p>O Instituto Jo\u00e3o de Barro, firmemente comprometido com o bem-estar e a alegria das crian\u00e7as, recentemente organizou uma festa inesquec\u00edvel em comemora\u00e7\u00e3o ao Dia das Crian\u00e7as. Durante todo o m\u00eas de outubro, as localidades de Povoado Lagoa do Mato e Vila Pau D&#8217;arco se transformaram em cen\u00e1rios repletos de felicidade para mais de 200 crian\u00e7as.<\/p>\n\n\n\n<figure class=\"wp-block-image size-large\"><img loading=\"lazy\" decoding=\"async\" width=\"1024\" height=\"683\" src=\"https:\/\/institutojoaodebarroal.org\/wp-content\/uploads\/2023\/10\/IMG_5814-1024x683.jpg\" alt=\"\" class=\"wp-image-1336\" srcset=\"https:\/\/institutojoaodebarroal.org\/wp-content\/uploads\/2023\/10\/IMG_5814-1024x683.jpg 1024w, https:\/\/institutojoaodebarroal.org\/wp-content\/uploads\/2023\/10\/IMG_5814-300x200.jpg 300w, https:\/\/institutojoaodebarroal.org\/wp-content\/uploads\/2023\/10\/IMG_5814-768x512.jpg 768w, https:\/\/institutojoaodebarroal.org\/wp-content\/uploads\/2023\/10\/IMG_5814-1536x1024.jpg 1536w, https:\/\/institutojoaodebarroal.org\/wp-content\/uploads\/2023\/10\/IMG_5814-2048x1365.jpg 2048w, https:\/\/institutojoaodebarroal.org\/wp-content\/uploads\/2023\/10\/IMG_5814-600x400.jpg 600w\" sizes=\"(max-width: 1024px) 100vw, 1024px\" \/><\/figure>\n\n\n\n<p>O evento foi marcado pela presen\u00e7a do ador\u00e1vel Palha\u00e7o Mixuruca, que trouxe sorrisos e encantamento com suas brincadeiras contagiantes. Al\u00e9m disso, as del\u00edcias estavam por toda parte, com pipoca, algod\u00e3o-doce, cachorro-quente e refrigerantes, proporcionando um verdadeiro festival de sabores para todos. N\u00e3o poderiam faltar os presentes, que foram distribu\u00eddos com carinho \u00e0s crian\u00e7as. Elas tamb\u00e9m puderam se divertir ao m\u00e1ximo no pula-pula e na piscina de bolinhas, criando momentos de pura alegria e descontra\u00e7\u00e3o.<\/p>\n\n\n\n<p>Esta iniciativa n\u00e3o se limitou apenas a celebrar o Dia das Crian\u00e7as; ela reflete o compromisso cont\u00ednuo do Instituto Jo\u00e3o de Barro com as comunidades, promovendo a integra\u00e7\u00e3o, espalhando a felicidade e fortalecendo os v\u00ednculos entre as crian\u00e7as e suas fam\u00edlias.<\/p>\n\n\n\n<figure class=\"wp-block-image size-large\"><img loading=\"lazy\" decoding=\"async\" width=\"1024\" height=\"683\" src=\"https:\/\/institutojoaodebarroal.org\/wp-content\/uploads\/2023\/10\/IMG_6168-1024x683.jpg\" alt=\"\" class=\"wp-image-1337\" srcset=\"https:\/\/institutojoaodebarroal.org\/wp-content\/uploads\/2023\/10\/IMG_6168-1024x683.jpg 1024w, https:\/\/institutojoaodebarroal.org\/wp-content\/uploads\/2023\/10\/IMG_6168-300x200.jpg 300w, https:\/\/institutojoaodebarroal.org\/wp-content\/uploads\/2023\/10\/IMG_6168-768x512.jpg 768w, https:\/\/institutojoaodebarroal.org\/wp-content\/uploads\/2023\/10\/IMG_6168-1536x1024.jpg 1536w, https:\/\/institutojoaodebarroal.org\/wp-content\/uploads\/2023\/10\/IMG_6168-2048x1365.jpg 2048w, https:\/\/institutojoaodebarroal.org\/wp-content\/uploads\/2023\/10\/IMG_6168-600x400.jpg 600w\" sizes=\"(max-width: 1024px) 100vw, 1024px\" \/><\/figure>\n\n\n\n<p>O Instituto Jo\u00e3o de Barro reafirma sua miss\u00e3o de criar um ambiente acolhedor e prop\u00edcio ao desenvolvimento saud\u00e1vel das crian\u00e7as, e convida a sociedade a se juntar a essa nobre causa, comprometendo-se com o futuro brilhante das nossas crian\u00e7as.<\/p>\n\n\n\n<p>\u00c9 importante destacar que o sucesso deste evento s\u00f3 foi poss\u00edvel gra\u00e7as \u00e0 ajuda valiosa de amigos, colaboradores e empresas parceiras, que se uniram para tornar essa celebra\u00e7\u00e3o memor\u00e1vel. Entre eles, destacam-se Aloha Buffet e Eventos, Bdoce Del\u00edcia, Explos\u00e3o do Sabor, Gr\u00e1fica Farias, Grupo Coringa, JC Doces, Livraria Globo, MD Papelaria e Variedades, Miss Teen Global Beauty Alagoas, Popular Alimentos, Soberano Acess\u00f3rios, Supermercado Pereira e o Supermercado S\u00e3o Luiz.<\/p>\n\n\n\n<figure class=\"wp-block-image size-large\"><img loading=\"lazy\" decoding=\"async\" width=\"1024\" height=\"683\" src=\"https:\/\/institutojoaodebarroal.org\/wp-content\/uploads\/2023\/10\/IMG_5827-1024x683.jpg\" alt=\"\" class=\"wp-image-1338\" srcset=\"https:\/\/institutojoaodebarroal.org\/wp-content\/uploads\/2023\/10\/IMG_5827-1024x683.jpg 1024w, https:\/\/institutojoaodebarroal.org\/wp-content\/uploads\/2023\/10\/IMG_5827-300x200.jpg 300w, https:\/\/institutojoaodebarroal.org\/wp-content\/uploads\/2023\/10\/IMG_5827-768x512.jpg 768w, https:\/\/institutojoaodebarroal.org\/wp-content\/uploads\/2023\/10\/IMG_5827-1536x1024.jpg 1536w, https:\/\/institutojoaodebarroal.org\/wp-content\/uploads\/2023\/10\/IMG_5827-2048x1365.jpg 2048w, https:\/\/institutojoaodebarroal.org\/wp-content\/uploads\/2023\/10\/IMG_5827-600x400.jpg 600w\" sizes=\"(max-width: 1024px) 100vw, 1024px\" \/><\/figure>\n\n\n\n<p>Para obter mais informa\u00e7\u00f5es sobre o Instituto Jo\u00e3o de Barro e discutir poss\u00edveis parcerias para futuras a\u00e7\u00f5es em prol de um mundo melhor para as crian\u00e7as, n\u00e3o hesite em entrar em contato. Juntos, podemos continuar a promover a\u00e7\u00f5es que fazem a diferen\u00e7a em nossas comunidades.<\/p>\n","protected":false},"excerpt":{"rendered":"<p>O Instituto Jo\u00e3o de Barro, firmemente comprometido com o bem-estar e a alegria das crian\u00e7as, recentemente organizou uma festa inesquec\u00edvel em comemora\u00e7\u00e3o ao Dia das Crian\u00e7as. Durante todo o m\u00eas de outubro, as localidades de Povoado Lagoa do Mato e Vila Pau D&#8217;arco se transformaram em cen\u00e1rios repletos de felicidade para mais de 200 crian\u00e7as. &hellip;<\/p>\n<p class=\"read-more\"> <a class=\"\" href=\"https:\/\/institutojoaodebarroal.org\/index.php\/2023\/10\/24\/instituto-joao-de-barro-promove-festa-inesquecivel-para-criancas-das-comunidades-lagoa-do-mato-e-vila-pau-darco\/\"> <span class=\"screen-reader-text\">Instituto Jo\u00e3o de Barro promove festa inesquec\u00edvel para crian\u00e7as das comunidades Lagoa do Mato e Vila Pau D\u2019arco<\/span> Leia mais &raquo;<\/a><\/p>\n","protected":false},"author":2,"featured_media":1336,"comment_status":"open","ping_status":"open","sticky":false,"template":"","format":"standard","meta":{"site-sidebar-layout":"default","site-content-layout":"default","ast-global-header-display":"","ast-main-header-display":"","ast-hfb-above-header-display":"","ast-hfb-below-header-display":"","ast-hfb-mobile-header-display":"","site-post-title":"","ast-breadcrumbs-content":"","ast-featured-img":"disabled","footer-sml-layout":"","theme-transparent-header-meta":"","adv-header-id-meta":"","stick-header-meta":"","header-above-stick-meta":"","header-main-stick-meta":"","header-below-stick-meta":"","footnotes":""},"categories":[1],"tags":[],"jetpack_featured_media_url":"https:\/\/institutojoaodebarroal.org\/wp-content\/uploads\/2023\/10\/IMG_5814-scaled.jpg","_links":{"self":[{"href":"https:\/\/institutojoaodebarroal.org\/index.php\/wp-json\/wp\/v2\/posts\/1332"}],"collection":[{"href":"https:\/\/institutojoaodebarroal.org\/index.php\/wp-json\/wp\/v2\/posts"}],"about":[{"href":"https:\/\/institutojoaodebarroal.org\/index.php\/wp-json\/wp\/v2\/types\/post"}],"author":[{"embeddable":true,"href":"https:\/\/institutojoaodebarroal.org\/index.php\/wp-json\/wp\/v2\/users\/2"}],"replies":[{"embeddable":true,"href":"https:\/\/institutojoaodebarroal.org\/index.php\/wp-json\/wp\/v2\/comments?post=1332"}],"version-history":[{"count":2,"href":"https:\/\/institutojoaodebarroal.org\/index.php\/wp-json\/wp\/v2\/posts\/1332\/revisions"}],"predecessor-version":[{"id":1339,"href":"https:\/\/institutojoaodebarroal.org\/index.php\/wp-json\/wp\/v2\/posts\/1332\/revisions\/1339"}],"wp:featuredmedia":[{"embeddable":true,"href":"https:\/\/institutojoaodebarroal.org\/index.php\/wp-json\/wp\/v2\/media\/1336"}],"wp:attachment":[{"href":"https:\/\/institutojoaodebarroal.org\/index.php\/wp-json\/wp\/v2\/media?parent=1332"}],"wp:term":[{"taxonomy":"category","embeddable":true,"href":"https:\/\/institutojoaodebarroal.org\/index.php\/wp-json\/wp\/v2\/categories?post=1332"},{"taxonomy":"post_tag","embeddable":true,"href":"https:\/\/institutojoaodebarroal.org\/index.php\/wp-json\/wp\/v2\/tags?post=1332"}],"curies":[{"name":"wp","href":"https:\/\/api.w.org\/{rel}","templated":true}]}}