{"id":1320,"date":"2023-10-05T16:54:41","date_gmt":"2023-10-05T19:54:41","guid":{"rendered":"https:\/\/institutojoaodebarroal.org\/?p=1320"},"modified":"2023-10-05T16:54:41","modified_gmt":"2023-10-05T19:54:41","slug":"comemoracao-vibrante-8-anos-do-instituto-joao-de-barro-e-o-brilho-de-aline-barros","status":"publish","type":"post","link":"https:\/\/institutojoaodebarroal.org\/index.php\/2023\/10\/05\/comemoracao-vibrante-8-anos-do-instituto-joao-de-barro-e-o-brilho-de-aline-barros\/","title":{"rendered":"Comemora\u00e7\u00e3o Vibrante: 8 Anos do Instituto Jo\u00e3o de Barro e o Brilho de Aline Barros"},"content":{"rendered":"\n<p>Em uma noite m\u00e1gica, aos dois dias do m\u00eas de outubro, sob o c\u00e9u estrelado e o acolhimento do povoado Pau D\u2019arco, o Instituto Jo\u00e3o de Barro celebrou com fervor e emo\u00e7\u00e3o seu oitavo anivers\u00e1rio. A atmosfera estava impregnada com o esp\u00edrito de gratid\u00e3o e conquistas, enquanto familiares, amigos e colaboradores se reuniam para marcar n\u00e3o apenas mais um ano de exist\u00eancia, mas uma jornada dedicada \u00e0 transforma\u00e7\u00e3o de vidas.<\/p>\n\n\n\n<figure class=\"wp-block-image size-large\"><img loading=\"lazy\" decoding=\"async\" width=\"1024\" height=\"683\" src=\"https:\/\/institutojoaodebarroal.org\/wp-content\/uploads\/2023\/10\/IMG_1345-1024x683.jpg\" alt=\"\" class=\"wp-image-1321\" srcset=\"https:\/\/institutojoaodebarroal.org\/wp-content\/uploads\/2023\/10\/IMG_1345-1024x683.jpg 1024w, https:\/\/institutojoaodebarroal.org\/wp-content\/uploads\/2023\/10\/IMG_1345-300x200.jpg 300w, https:\/\/institutojoaodebarroal.org\/wp-content\/uploads\/2023\/10\/IMG_1345-768x512.jpg 768w, https:\/\/institutojoaodebarroal.org\/wp-content\/uploads\/2023\/10\/IMG_1345-1536x1024.jpg 1536w, https:\/\/institutojoaodebarroal.org\/wp-content\/uploads\/2023\/10\/IMG_1345-2048x1365.jpg 2048w, https:\/\/institutojoaodebarroal.org\/wp-content\/uploads\/2023\/10\/IMG_1345-600x400.jpg 600w\" sizes=\"(max-width: 1024px) 100vw, 1024px\" \/><\/figure>\n\n\n\n<p>No centro das comemora\u00e7\u00f5es, tamb\u00e9m brilhava a fundadora inspiradora e incans\u00e1vel, Aline Barros. Uma mulher vision\u00e1ria que sonhou e construiu com amor e persist\u00eancia o Instituto Jo\u00e3o de Barro, uma institui\u00e7\u00e3o que se tornou um farol de esperan\u00e7a para tantos. Aline n\u00e3o apenas lidera essa jornada, mas \u00e9 a alma pulsante que guia cada passo, cada sorriso e cada conquista.<\/p>\n\n\n\n<figure class=\"wp-block-image size-large\"><img loading=\"lazy\" decoding=\"async\" width=\"1024\" height=\"683\" src=\"https:\/\/institutojoaodebarroal.org\/wp-content\/uploads\/2023\/10\/IMG_1443-1024x683.jpg\" alt=\"\" class=\"wp-image-1322\" srcset=\"https:\/\/institutojoaodebarroal.org\/wp-content\/uploads\/2023\/10\/IMG_1443-1024x683.jpg 1024w, https:\/\/institutojoaodebarroal.org\/wp-content\/uploads\/2023\/10\/IMG_1443-300x200.jpg 300w, https:\/\/institutojoaodebarroal.org\/wp-content\/uploads\/2023\/10\/IMG_1443-768x512.jpg 768w, https:\/\/institutojoaodebarroal.org\/wp-content\/uploads\/2023\/10\/IMG_1443-1536x1024.jpg 1536w, https:\/\/institutojoaodebarroal.org\/wp-content\/uploads\/2023\/10\/IMG_1443-2048x1365.jpg 2048w, https:\/\/institutojoaodebarroal.org\/wp-content\/uploads\/2023\/10\/IMG_1443-600x400.jpg 600w\" sizes=\"(max-width: 1024px) 100vw, 1024px\" \/><\/figure>\n\n\n\n<p>O cora\u00e7\u00e3o do evento foi um culto de a\u00e7\u00e3o de gra\u00e7as, ministrado pelo Pastor Marcos, que ecoou louvores de gratid\u00e3o e celebra\u00e7\u00e3o. O sentimento de unidade e f\u00e9 permeou o ambiente, refor\u00e7ando o prop\u00f3sito sagrado que impulsiona a miss\u00e3o do Instituto Jo\u00e3o de Barro.<\/p>\n\n\n\n<figure class=\"wp-block-image size-large\"><img loading=\"lazy\" decoding=\"async\" width=\"1024\" height=\"683\" src=\"https:\/\/institutojoaodebarroal.org\/wp-content\/uploads\/2023\/10\/IMG_1661-1024x683.jpg\" alt=\"\" class=\"wp-image-1323\" srcset=\"https:\/\/institutojoaodebarroal.org\/wp-content\/uploads\/2023\/10\/IMG_1661-1024x683.jpg 1024w, https:\/\/institutojoaodebarroal.org\/wp-content\/uploads\/2023\/10\/IMG_1661-300x200.jpg 300w, https:\/\/institutojoaodebarroal.org\/wp-content\/uploads\/2023\/10\/IMG_1661-768x512.jpg 768w, https:\/\/institutojoaodebarroal.org\/wp-content\/uploads\/2023\/10\/IMG_1661-1536x1024.jpg 1536w, https:\/\/institutojoaodebarroal.org\/wp-content\/uploads\/2023\/10\/IMG_1661-2048x1365.jpg 2048w, https:\/\/institutojoaodebarroal.org\/wp-content\/uploads\/2023\/10\/IMG_1661-600x400.jpg 600w\" sizes=\"(max-width: 1024px) 100vw, 1024px\" \/><\/figure>\n\n\n\n<p>Durante esse momento especial, homenagens calorosas foram prestadas, iluminando o semblante de Aline Barros. Em suas palavras, ela tra\u00e7ou a trajet\u00f3ria do instituto, revivendo os desafios enfrentados e as conquistas alcan\u00e7adas. Ela enalteceu cada pessoa presente, destacando a import\u00e2ncia singular de cada indiv\u00edduo na constru\u00e7\u00e3o desse sonho coletivo.<\/p>\n\n\n\n<figure class=\"wp-block-image size-large\"><img loading=\"lazy\" decoding=\"async\" width=\"1024\" height=\"683\" src=\"https:\/\/institutojoaodebarroal.org\/wp-content\/uploads\/2023\/10\/IMG_1454-1024x683.jpg\" alt=\"\" class=\"wp-image-1324\" srcset=\"https:\/\/institutojoaodebarroal.org\/wp-content\/uploads\/2023\/10\/IMG_1454-1024x683.jpg 1024w, https:\/\/institutojoaodebarroal.org\/wp-content\/uploads\/2023\/10\/IMG_1454-300x200.jpg 300w, https:\/\/institutojoaodebarroal.org\/wp-content\/uploads\/2023\/10\/IMG_1454-768x512.jpg 768w, https:\/\/institutojoaodebarroal.org\/wp-content\/uploads\/2023\/10\/IMG_1454-1536x1024.jpg 1536w, https:\/\/institutojoaodebarroal.org\/wp-content\/uploads\/2023\/10\/IMG_1454-2048x1365.jpg 2048w, https:\/\/institutojoaodebarroal.org\/wp-content\/uploads\/2023\/10\/IMG_1454-600x400.jpg 600w\" sizes=\"(max-width: 1024px) 100vw, 1024px\" \/><\/figure>\n\n\n\n<p>A cerim\u00f4nia atingiu seu cl\u00edmax com a entrega de um quadro que narrava a hist\u00f3ria do Jo\u00e3o de Barro, simbolizando a perseveran\u00e7a e a dedica\u00e7\u00e3o que permeiam a miss\u00e3o do instituto. Al\u00e9m disso, uma arte delicada em biscuit representando a casa do p\u00e1ssaro Jo\u00e3o-de-Barro foi entregue, uma met\u00e1fora viva do abrigo e cuidado proporcionados pelo Instituto Jo\u00e3o de Barro a todos que passam por suas portas.<\/p>\n\n\n\n<figure class=\"wp-block-image size-large\"><img loading=\"lazy\" decoding=\"async\" width=\"1024\" height=\"683\" src=\"https:\/\/institutojoaodebarroal.org\/wp-content\/uploads\/2023\/10\/IMG_1768-1024x683.jpg\" alt=\"\" class=\"wp-image-1325\" srcset=\"https:\/\/institutojoaodebarroal.org\/wp-content\/uploads\/2023\/10\/IMG_1768-1024x683.jpg 1024w, https:\/\/institutojoaodebarroal.org\/wp-content\/uploads\/2023\/10\/IMG_1768-300x200.jpg 300w, https:\/\/institutojoaodebarroal.org\/wp-content\/uploads\/2023\/10\/IMG_1768-768x512.jpg 768w, https:\/\/institutojoaodebarroal.org\/wp-content\/uploads\/2023\/10\/IMG_1768-1536x1024.jpg 1536w, https:\/\/institutojoaodebarroal.org\/wp-content\/uploads\/2023\/10\/IMG_1768-2048x1365.jpg 2048w, https:\/\/institutojoaodebarroal.org\/wp-content\/uploads\/2023\/10\/IMG_1768-600x400.jpg 600w\" sizes=\"(max-width: 1024px) 100vw, 1024px\" \/><\/figure>\n\n\n\n<figure class=\"wp-block-image size-large\"><img loading=\"lazy\" decoding=\"async\" width=\"1024\" height=\"683\" src=\"https:\/\/institutojoaodebarroal.org\/wp-content\/uploads\/2023\/10\/IMG_1775-1024x683.jpg\" alt=\"\" class=\"wp-image-1326\" srcset=\"https:\/\/institutojoaodebarroal.org\/wp-content\/uploads\/2023\/10\/IMG_1775-1024x683.jpg 1024w, https:\/\/institutojoaodebarroal.org\/wp-content\/uploads\/2023\/10\/IMG_1775-300x200.jpg 300w, https:\/\/institutojoaodebarroal.org\/wp-content\/uploads\/2023\/10\/IMG_1775-768x512.jpg 768w, https:\/\/institutojoaodebarroal.org\/wp-content\/uploads\/2023\/10\/IMG_1775-1536x1024.jpg 1536w, https:\/\/institutojoaodebarroal.org\/wp-content\/uploads\/2023\/10\/IMG_1775-2048x1365.jpg 2048w, https:\/\/institutojoaodebarroal.org\/wp-content\/uploads\/2023\/10\/IMG_1775-600x400.jpg 600w\" sizes=\"(max-width: 1024px) 100vw, 1024px\" \/><\/figure>\n\n\n\n<p>Aline Barros, com os olhos marejados, expressou sua profunda gratid\u00e3o a todos que acreditaram no projeto, aos colaboradores incans\u00e1veis e aos beneficiados pelo instituto. Em seu olhar, brilhava a certeza de que a jornada apenas come\u00e7ou, e os pr\u00f3ximos anos ser\u00e3o preenchidos com ainda mais amor, supera\u00e7\u00e3o e impacto positivo na vida de muitos.<\/p>\n\n\n\n<figure class=\"wp-block-image size-large\"><img loading=\"lazy\" decoding=\"async\" width=\"1024\" height=\"683\" src=\"https:\/\/institutojoaodebarroal.org\/wp-content\/uploads\/2023\/10\/IMG_1873-1024x683.jpg\" alt=\"\" class=\"wp-image-1327\" srcset=\"https:\/\/institutojoaodebarroal.org\/wp-content\/uploads\/2023\/10\/IMG_1873-1024x683.jpg 1024w, https:\/\/institutojoaodebarroal.org\/wp-content\/uploads\/2023\/10\/IMG_1873-300x200.jpg 300w, https:\/\/institutojoaodebarroal.org\/wp-content\/uploads\/2023\/10\/IMG_1873-768x512.jpg 768w, https:\/\/institutojoaodebarroal.org\/wp-content\/uploads\/2023\/10\/IMG_1873-1536x1024.jpg 1536w, https:\/\/institutojoaodebarroal.org\/wp-content\/uploads\/2023\/10\/IMG_1873-2048x1365.jpg 2048w, https:\/\/institutojoaodebarroal.org\/wp-content\/uploads\/2023\/10\/IMG_1873-600x400.jpg 600w\" sizes=\"(max-width: 1024px) 100vw, 1024px\" \/><\/figure>\n\n\n\n\n\n<p>O oitavo anivers\u00e1rio do Instituto Jo\u00e3o de Barro foi mais que uma celebra\u00e7\u00e3o; foi um marco de amor, dedica\u00e7\u00e3o e persist\u00eancia. Uma prova viva de que, juntos, podemos construir um futuro melhor, uma vida mais digna e um mundo onde o cuidado e a solidariedade sempre encontram morada.<\/p>\n","protected":false},"excerpt":{"rendered":"<p>Em uma noite m\u00e1gica, aos dois dias do m\u00eas de outubro, sob o c\u00e9u estrelado e o acolhimento do povoado Pau D\u2019arco, o Instituto Jo\u00e3o de Barro celebrou com fervor e emo\u00e7\u00e3o seu oitavo anivers\u00e1rio. A atmosfera estava impregnada com o esp\u00edrito de gratid\u00e3o e conquistas, enquanto familiares, amigos e colaboradores se reuniam para marcar &hellip;<\/p>\n<p class=\"read-more\"> <a class=\"\" href=\"https:\/\/institutojoaodebarroal.org\/index.php\/2023\/10\/05\/comemoracao-vibrante-8-anos-do-instituto-joao-de-barro-e-o-brilho-de-aline-barros\/\"> <span class=\"screen-reader-text\">Comemora\u00e7\u00e3o Vibrante: 8 Anos do Instituto Jo\u00e3o de Barro e o Brilho de Aline Barros<\/span> Leia mais &raquo;<\/a><\/p>\n","protected":false},"author":2,"featured_media":1321,"comment_status":"open","ping_status":"open","sticky":false,"template":"","format":"standard","meta":{"site-sidebar-layout":"default","site-content-layout":"default","ast-global-header-display":"","ast-main-header-display":"","ast-hfb-above-header-display":"","ast-hfb-below-header-display":"","ast-hfb-mobile-header-display":"","site-post-title":"","ast-breadcrumbs-content":"","ast-featured-img":"disabled","footer-sml-layout":"","theme-transparent-header-meta":"","adv-header-id-meta":"","stick-header-meta":"","header-above-stick-meta":"","header-main-stick-meta":"","header-below-stick-meta":"","footnotes":""},"categories":[1],"tags":[],"jetpack_featured_media_url":"https:\/\/institutojoaodebarroal.org\/wp-content\/uploads\/2023\/10\/IMG_1345-scaled.jpg","_links":{"self":[{"href":"https:\/\/institutojoaodebarroal.org\/index.php\/wp-json\/wp\/v2\/posts\/1320"}],"collection":[{"href":"https:\/\/institutojoaodebarroal.org\/index.php\/wp-json\/wp\/v2\/posts"}],"about":[{"href":"https:\/\/institutojoaodebarroal.org\/index.php\/wp-json\/wp\/v2\/types\/post"}],"author":[{"embeddable":true,"href":"https:\/\/institutojoaodebarroal.org\/index.php\/wp-json\/wp\/v2\/users\/2"}],"replies":[{"embeddable":true,"href":"https:\/\/institutojoaodebarroal.org\/index.php\/wp-json\/wp\/v2\/comments?post=1320"}],"version-history":[{"count":1,"href":"https:\/\/institutojoaodebarroal.org\/index.php\/wp-json\/wp\/v2\/posts\/1320\/revisions"}],"predecessor-version":[{"id":1328,"href":"https:\/\/institutojoaodebarroal.org\/index.php\/wp-json\/wp\/v2\/posts\/1320\/revisions\/1328"}],"wp:featuredmedia":[{"embeddable":true,"href":"https:\/\/institutojoaodebarroal.org\/index.php\/wp-json\/wp\/v2\/media\/1321"}],"wp:attachment":[{"href":"https:\/\/institutojoaodebarroal.org\/index.php\/wp-json\/wp\/v2\/media?parent=1320"}],"wp:term":[{"taxonomy":"category","embeddable":true,"href":"https:\/\/institutojoaodebarroal.org\/index.php\/wp-json\/wp\/v2\/categories?post=1320"},{"taxonomy":"post_tag","embeddable":true,"href":"https:\/\/institutojoaodebarroal.org\/index.php\/wp-json\/wp\/v2\/tags?post=1320"}],"curies":[{"name":"wp","href":"https:\/\/api.w.org\/{rel}","templated":true}]}}