{"id":1202,"date":"2023-04-23T13:23:14","date_gmt":"2023-04-23T16:23:14","guid":{"rendered":"https:\/\/institutojoaodebarroal.org\/?p=1202"},"modified":"2023-04-27T16:19:50","modified_gmt":"2023-04-27T19:19:50","slug":"encontro-de-formadores-do-instituto-joao-de-barro","status":"publish","type":"post","link":"https:\/\/institutojoaodebarroal.org\/index.php\/2023\/04\/23\/encontro-de-formadores-do-instituto-joao-de-barro\/","title":{"rendered":"Encontro de formadores do Instituto Jo\u00e3o de Barro"},"content":{"rendered":"\n<p>A equipe de formadores do Instituto Jo\u00e3o de Barro se reuniu recentemente para um encontro muito especial. O objetivo da reuni\u00e3o foi aprofundar a hist\u00f3ria da institui\u00e7\u00e3o e compartilhar experi\u00eancias e aprendizados sobre os projetos sociais desenvolvidos.<\/p>\n\n\n\n<p>Os formadores desempenham um papel fundamental na realiza\u00e7\u00e3o das atividades do Instituto Jo\u00e3o de Barro, pois o recurso adquirido com os servi\u00e7os de forma\u00e7\u00e3o na \u00e1rea da Educa\u00e7\u00e3o nos munic\u00edpios alagoanos \u00e9 revertido para os projetos sociais. Eles s\u00e3o respons\u00e1veis por disseminar conhecimentos e habilidades para educadores e profissionais da \u00e1rea, garantindo a qualidade e efetividade dos projetos sociais desenvolvidos pela institui\u00e7\u00e3o.<\/p>\n\n\n\n<figure class=\"wp-block-image size-full\"><img loading=\"lazy\" decoding=\"async\" width=\"1024\" height=\"768\" src=\"https:\/\/institutojoaodebarroal.org\/wp-content\/uploads\/2023\/04\/WhatsApp-Image-2023-03-18-at-16.00.33-1.jpeg\" alt=\"\" class=\"wp-image-1205\" srcset=\"https:\/\/institutojoaodebarroal.org\/wp-content\/uploads\/2023\/04\/WhatsApp-Image-2023-03-18-at-16.00.33-1.jpeg 1024w, https:\/\/institutojoaodebarroal.org\/wp-content\/uploads\/2023\/04\/WhatsApp-Image-2023-03-18-at-16.00.33-1-300x225.jpeg 300w, https:\/\/institutojoaodebarroal.org\/wp-content\/uploads\/2023\/04\/WhatsApp-Image-2023-03-18-at-16.00.33-1-768x576.jpeg 768w, https:\/\/institutojoaodebarroal.org\/wp-content\/uploads\/2023\/04\/WhatsApp-Image-2023-03-18-at-16.00.33-1-600x450.jpeg 600w\" sizes=\"(max-width: 1024px) 100vw, 1024px\" \/><\/figure>\n\n\n\n<p>Durante o encontro, foi emocionante ver as apresenta\u00e7\u00f5es das crian\u00e7as e adolescentes beneficiados pelos projetos do Instituto Jo\u00e3o de Barro. Eles demonstraram grande entusiasmo e talento em suas apresenta\u00e7\u00f5es, o que foi um testemunho do impacto positivo que os projetos sociais est\u00e3o tendo em suas vidas.<\/p>\n\n\n\n<p>A hist\u00f3ria da institui\u00e7\u00e3o tamb\u00e9m foi compartilhada por Aline Barros, lembrando-nos da import\u00e2ncia do trabalho cont\u00ednuo e comprometido para a constru\u00e7\u00e3o de um futuro melhor, trazendo com muita emo\u00e7\u00e3o cada passo que foi necess\u00e1rio dar e cada pessoa que contribuiu com o crescimento e o sucesso do IJB. O encontro refor\u00e7ou a import\u00e2ncia da equipe de formadores na realiza\u00e7\u00e3o da miss\u00e3o do Instituto Jo\u00e3o de Barro, e do papel de cada um dos profissionais envolvidos em transformar a vida de crian\u00e7as e adolescentes atrav\u00e9s da educa\u00e7\u00e3o.<\/p>\n\n\n\n<figure class=\"wp-block-image size-full\"><img loading=\"lazy\" decoding=\"async\" width=\"1024\" height=\"576\" src=\"https:\/\/institutojoaodebarroal.org\/wp-content\/uploads\/2023\/04\/WhatsApp-Image-2023-03-18-at-16.00.33-4.jpeg\" alt=\"\" class=\"wp-image-1207\" srcset=\"https:\/\/institutojoaodebarroal.org\/wp-content\/uploads\/2023\/04\/WhatsApp-Image-2023-03-18-at-16.00.33-4.jpeg 1024w, https:\/\/institutojoaodebarroal.org\/wp-content\/uploads\/2023\/04\/WhatsApp-Image-2023-03-18-at-16.00.33-4-300x169.jpeg 300w, https:\/\/institutojoaodebarroal.org\/wp-content\/uploads\/2023\/04\/WhatsApp-Image-2023-03-18-at-16.00.33-4-768x432.jpeg 768w, https:\/\/institutojoaodebarroal.org\/wp-content\/uploads\/2023\/04\/WhatsApp-Image-2023-03-18-at-16.00.33-4-600x338.jpeg 600w\" sizes=\"(max-width: 1024px) 100vw, 1024px\" \/><\/figure>\n\n\n\n<p>Que esse encontro possa inspirar ainda mais compromisso e dedica\u00e7\u00e3o na equipe de formadores, e que a hist\u00f3ria do Instituto Jo\u00e3o de Barro possa ser uma inspira\u00e7\u00e3o para todos n\u00f3s na luta pela constru\u00e7\u00e3o de uma sociedade mais justa e fraterna a partir de A\u00e7\u00f5es para um mundo melhor.<\/p>\n\n\n\n<figure class=\"wp-block-image size-full\"><img loading=\"lazy\" decoding=\"async\" width=\"1024\" height=\"576\" src=\"https:\/\/institutojoaodebarroal.org\/wp-content\/uploads\/2023\/04\/WhatsApp-Image-2023-03-18-at-16.00.34-3.jpeg\" alt=\"\" class=\"wp-image-1208\" srcset=\"https:\/\/institutojoaodebarroal.org\/wp-content\/uploads\/2023\/04\/WhatsApp-Image-2023-03-18-at-16.00.34-3.jpeg 1024w, https:\/\/institutojoaodebarroal.org\/wp-content\/uploads\/2023\/04\/WhatsApp-Image-2023-03-18-at-16.00.34-3-300x169.jpeg 300w, https:\/\/institutojoaodebarroal.org\/wp-content\/uploads\/2023\/04\/WhatsApp-Image-2023-03-18-at-16.00.34-3-768x432.jpeg 768w, https:\/\/institutojoaodebarroal.org\/wp-content\/uploads\/2023\/04\/WhatsApp-Image-2023-03-18-at-16.00.34-3-600x338.jpeg 600w\" sizes=\"(max-width: 1024px) 100vw, 1024px\" \/><\/figure>\n\n\n\n<p>Angelina leu um texto para homenagear os queridos formadores:<\/p>\n\n\n\n<p class=\"has-text-align-right\"><strong><em>Aos formadores do Instituto Jo\u00e3o de Barro<\/em><\/strong><\/p>\n\n\n\n<p>&nbsp;&nbsp;&nbsp;&nbsp;&nbsp;&nbsp;&nbsp;&nbsp;&nbsp;&nbsp;&nbsp; <em>N\u00f3s somos muito felizes participando dos grupos do Jo\u00e3o de Barro, no Viagem Liter\u00e1ria, no Aprendiz Jo\u00e3o de Barro, no Cidadania no Tatame com as aulas de Karat\u00ea ou nas aulas de Ballet. N\u00f3s somos muito felizes encontrando o Papai Noel nas festas Natal, brincando com os palha\u00e7os no dia das crian\u00e7as e nos divertindo no carnaval.<\/em><\/p>\n\n\n\n<p>&nbsp;&nbsp;&nbsp;&nbsp;&nbsp;&nbsp;&nbsp;&nbsp;&nbsp;&nbsp;&nbsp;<em> Voc\u00ea que participa das forma\u00e7\u00f5es em outras cidades, que viaja por horas e que estuda muito para fazer um bom trabalho, \u00e9 um dos respons\u00e1veis para que aqui aconte\u00e7am os nossos sonhos de crian\u00e7a. \u00c9 com a ajuda do seu empenho que n\u00f3s conseguimos explorar as cores, viajar com os livros e as hist\u00f3rias, aprender sobre respeito, sobre como crescer mais forte, saud\u00e1vel e realizar os nossos sonhos.<\/em><\/p>\n\n\n\n<p>&nbsp;&nbsp;&nbsp;&nbsp;&nbsp;&nbsp;&nbsp;&nbsp;&nbsp;&nbsp;&nbsp; <em>Sempre que o Jo\u00e3o de Barro te convidar para um trabalho, eu quero que voc\u00ea pense em n\u00f3s, crian\u00e7as, adolescentes e jovens da comunidade Pau D\u2019arco e regi\u00e3o, em nossa gratid\u00e3o e no mundo melhor que voc\u00eas est\u00e3o ajudando a construir. N\u00e3o importa qual o tamanho da sua contribui\u00e7\u00e3o, o que importa \u00e9 que voc\u00ea a fa\u00e7a com o cora\u00e7\u00e3o. N\u00f3s nunca esqueceremos de voc\u00eas.<\/em><\/p>\n\n\n\n<figure class=\"wp-block-image size-full\"><img loading=\"lazy\" decoding=\"async\" width=\"1024\" height=\"768\" src=\"https:\/\/institutojoaodebarroal.org\/wp-content\/uploads\/2023\/04\/WhatsApp-Image-2023-03-18-at-16.00.34.jpeg\" alt=\"\" class=\"wp-image-1209\" srcset=\"https:\/\/institutojoaodebarroal.org\/wp-content\/uploads\/2023\/04\/WhatsApp-Image-2023-03-18-at-16.00.34.jpeg 1024w, https:\/\/institutojoaodebarroal.org\/wp-content\/uploads\/2023\/04\/WhatsApp-Image-2023-03-18-at-16.00.34-300x225.jpeg 300w, https:\/\/institutojoaodebarroal.org\/wp-content\/uploads\/2023\/04\/WhatsApp-Image-2023-03-18-at-16.00.34-768x576.jpeg 768w, https:\/\/institutojoaodebarroal.org\/wp-content\/uploads\/2023\/04\/WhatsApp-Image-2023-03-18-at-16.00.34-600x450.jpeg 600w\" sizes=\"(max-width: 1024px) 100vw, 1024px\" \/><\/figure>\n","protected":false},"excerpt":{"rendered":"<p>A equipe de formadores do Instituto Jo\u00e3o de Barro se reuniu recentemente para um encontro muito especial. O objetivo da reuni\u00e3o foi aprofundar a hist\u00f3ria da institui\u00e7\u00e3o e compartilhar experi\u00eancias e aprendizados sobre os projetos sociais desenvolvidos. Os formadores desempenham um papel fundamental na realiza\u00e7\u00e3o das atividades do Instituto Jo\u00e3o de Barro, pois o recurso &hellip;<\/p>\n<p class=\"read-more\"> <a class=\"\" href=\"https:\/\/institutojoaodebarroal.org\/index.php\/2023\/04\/23\/encontro-de-formadores-do-instituto-joao-de-barro\/\"> <span class=\"screen-reader-text\">Encontro de formadores do Instituto Jo\u00e3o de Barro<\/span> Leia mais &raquo;<\/a><\/p>\n","protected":false},"author":2,"featured_media":1210,"comment_status":"open","ping_status":"open","sticky":false,"template":"","format":"standard","meta":{"site-sidebar-layout":"default","site-content-layout":"default","ast-global-header-display":"","ast-main-header-display":"","ast-hfb-above-header-display":"","ast-hfb-below-header-display":"","ast-hfb-mobile-header-display":"","site-post-title":"","ast-breadcrumbs-content":"","ast-featured-img":"disabled","footer-sml-layout":"","theme-transparent-header-meta":"","adv-header-id-meta":"","stick-header-meta":"","header-above-stick-meta":"","header-main-stick-meta":"","header-below-stick-meta":"","footnotes":""},"categories":[16,33],"tags":[],"jetpack_featured_media_url":"https:\/\/institutojoaodebarroal.org\/wp-content\/uploads\/2023\/04\/WhatsApp-Image-2023-03-18-at-16.00.34-4.jpeg","_links":{"self":[{"href":"https:\/\/institutojoaodebarroal.org\/index.php\/wp-json\/wp\/v2\/posts\/1202"}],"collection":[{"href":"https:\/\/institutojoaodebarroal.org\/index.php\/wp-json\/wp\/v2\/posts"}],"about":[{"href":"https:\/\/institutojoaodebarroal.org\/index.php\/wp-json\/wp\/v2\/types\/post"}],"author":[{"embeddable":true,"href":"https:\/\/institutojoaodebarroal.org\/index.php\/wp-json\/wp\/v2\/users\/2"}],"replies":[{"embeddable":true,"href":"https:\/\/institutojoaodebarroal.org\/index.php\/wp-json\/wp\/v2\/comments?post=1202"}],"version-history":[{"count":4,"href":"https:\/\/institutojoaodebarroal.org\/index.php\/wp-json\/wp\/v2\/posts\/1202\/revisions"}],"predecessor-version":[{"id":1211,"href":"https:\/\/institutojoaodebarroal.org\/index.php\/wp-json\/wp\/v2\/posts\/1202\/revisions\/1211"}],"wp:featuredmedia":[{"embeddable":true,"href":"https:\/\/institutojoaodebarroal.org\/index.php\/wp-json\/wp\/v2\/media\/1210"}],"wp:attachment":[{"href":"https:\/\/institutojoaodebarroal.org\/index.php\/wp-json\/wp\/v2\/media?parent=1202"}],"wp:term":[{"taxonomy":"category","embeddable":true,"href":"https:\/\/institutojoaodebarroal.org\/index.php\/wp-json\/wp\/v2\/categories?post=1202"},{"taxonomy":"post_tag","embeddable":true,"href":"https:\/\/institutojoaodebarroal.org\/index.php\/wp-json\/wp\/v2\/tags?post=1202"}],"curies":[{"name":"wp","href":"https:\/\/api.w.org\/{rel}","templated":true}]}}